{"id":62924,"date":"2025-11-10T17:11:55","date_gmt":"2025-11-10T16:11:55","guid":{"rendered":"https:\/\/nuscospa.com\/?p=62924"},"modified":"2025-11-10T17:12:41","modified_gmt":"2025-11-10T16:12:41","slug":"vetro-temperato","status":"publish","type":"post","link":"https:\/\/nuscospa.com\/it\/blog\/vetro-temperato\/","title":{"rendered":"Vetro temperato: cos&#8217;\u00e8, quanto dura e perch\u00e9 usarlo"},"content":{"rendered":"<h2>Che cos\u2019\u00e8 davvero il vetro temperato<\/h2>\n<p>Dietro l\u2019espressione <strong>vetro temperato<\/strong> c\u2019\u00e8 un procedimento preciso, non un vezzo linguistico. <em>Temperato<\/em> significa che una <strong>lastra di vetro<\/strong> \u00e8 stata portata a circa <strong>700 \u00b0C<\/strong> e poi <strong>raffreddata rapidamente<\/strong>, cos\u00ec da generare <strong>compressioni superficiali <\/strong>che ne aumentano la tenuta. \u00c8 questo il cuore del<strong> significato<\/strong> di <strong>temperato<\/strong>: un <strong><a href=\"https:\/\/it.wikipedia.org\/wiki\/Trattamento_di_tempra\">trattamento termico<\/a><\/strong> che modifica le <strong>propriet\u00e0 del vetro<\/strong>, senza cambiarne l\u2019anima. Chi cerca chiarimenti su <em>vetro temprato o temperato<\/em> pu\u00f2 tranquillizzarsi: sono due modi per indicare lo stesso processo.<\/p>\n<p>Nel quotidiano, la differenza si vede quando qualcosa urta la superficie. Dove un float comune si frantuma in poche schegge affilate, il <strong>vetro temperato<\/strong> si scompone in <strong>numerosi frammenti smussati<\/strong>, decisamente meno pericolosi. \u00c8 il motivo per cui rientra fra i <strong>vetri <\/strong>dotati di maggiore<strong> sicurezza<\/strong> e perch\u00e9 lo si trova ovunque serva un equilibrio tra trasparenza e protezione: <strong>finestre<\/strong>, divisori, arredi, parapetti interni, componenti d\u2019arredo. Chi parla di <strong>vetro infrangibile<\/strong> spesso lo fa per semplificare, ma occorre chiarezza: <em>nessun vetro \u00e8 davvero infrangibile<\/em>; qui parliamo di un materiale pi\u00f9 <strong>robusto<\/strong>, <strong>sicuro<\/strong> e <strong>stabile<\/strong> rispetto al vetro non trattato.<\/p>\n<p>Questo salto di qualit\u00e0 non altera l\u2019estetica. La <strong>lastra <\/strong>di<strong> vetro temperato<\/strong> resta pulita nello sguardo, pronta a dialogare con la luce; eppure, dentro, porta una tensione invisibile che le consente di resistere meglio a <strong>sollecitazioni meccaniche<\/strong> e <strong>shock termici<\/strong>. Chi si occupa di <strong>vetro caratteristiche<\/strong> lo sa: a parit\u00e0 di spessore, la <strong>resistenza alla flessione<\/strong> cresce sensibilmente; la <strong>resistenza al calore<\/strong> migliora; la risposta agli <strong>urti<\/strong> \u00e8 pi\u00f9 prevedibile. \u00c8 il motivo per cui, nelle schede tecniche, si parla di <strong>vetro resistente al calore<\/strong> e di performance coerenti con l\u2019uso in casa e in architettura.<\/p>\n<h2>Perch\u00e9 il vetro temperato in casa fa la differenza<\/h2>\n<p>In un appartamento, un materiale vale quando semplifica la vita e riduce i rischi. Il <strong>vetro temperato<\/strong> fa entrambe le cose. In caso di rottura, <strong>protegge chi sta intorno<\/strong> grazie alla frammentazione in pezzi minuti; nelle giornate di sole o durante una rapida variazione di <strong>temperatura vetro<\/strong>, mantiene un comportamento pi\u00f9 stabile; in presenza di <strong>urti accidentali\u00a0<\/strong>regge meglio la sollecitazione. \u00c8 la ragione per cui lo si apprezza nei piani d\u2019appoggio, nei box doccia, nelle vetrate interne e in tutte quelle situazioni dove la trasparenza deve marciare insieme alla <strong>sicurezza<\/strong>.<\/p>\n<p>Attenzione, per\u00f2, alla precisione dei termini: <strong>vetro temperato o stratificato<\/strong> non sono sinonimi. Lo <a href=\"https:\/\/it.wikipedia.org\/wiki\/Vetro_stratificato\"><strong>stratificato<\/strong><\/a> unisce lastre tramite intercalari plastici che tengono i frammenti in sede; il <strong>temperato<\/strong> punta sulla <strong>resistenza<\/strong> e su una <strong>rottura sicura<\/strong>. Spesso i due mondi si incontrano in sistemi ibridi progettati ad hoc; qui stiamo raccontando le <strong>caratteristiche del vetro temperato<\/strong> e i vantaggi che porta dentro casa quando \u00e8 utilizzato nel <strong>posto giusto<\/strong>.<\/p>\n<p>C\u2019\u00e8 poi una questione pratica: il <strong>cristallo temperato<\/strong>. L\u2019espressione circola per indicare un temperato dalla resa ottica molto pulita; in sostanza, la <strong>composizione<\/strong> e il trattamento restano quelli di un <em>vetro temperato<\/em> con particolare attenzione alla <strong>brillantezza<\/strong>. \u00c8 un dettaglio che interessa chi progetta ambienti luminosi e minimali, dove ogni riflesso conta.<\/p>\n<h2>Durata e resistenza: quanto dura nel tempo<\/h2>\n<p>La domanda che tutti fanno \u00e8 semplice: <em>quanto dura?<\/em> Non c\u2019\u00e8 un calendario universale, ma c\u2019\u00e8 un principio chiaro. Se la <strong>lastra vetro temperato<\/strong> \u00e8 <strong>progettata bene<\/strong>, se \u00e8 stata <strong>lavorata prima della tempra<\/strong> (fori, scassi, biselli, molature si eseguono <strong>prima<\/strong>, non dopo) e se viene <strong>installata correttamente<\/strong>, la sua <strong>durabilit\u00e0<\/strong> \u00e8 elevata. L\u2019architettura domestica lo conferma: parapetti interni, <a href=\"https:\/\/nuscospa.com\/it\/blog\/porte-in-vetro\/\">porte vetrate<\/a>, piani, inserti decorativi in temperato restano affidabili per anni quando sono <strong>dimensionati<\/strong> in modo coerente con l\u2019uso.<\/p>\n<p>Il merito \u00e8 in parte nella <strong>resistenza agli sbalzi<\/strong> di <strong>temperatura vetro<\/strong> e nella migliore tenuta agli <strong>urti<\/strong>; in parte nella gestione intelligente del <strong>peso specifico vetro temperato<\/strong> all\u2019interno di telai e sistemi di supporto. Anche qui, la regola \u00e8 netta: si lavora sulla <strong>progettazione<\/strong> e sulla <strong>posa<\/strong>. Un temperato montato male \u2013 serrato in modo improprio, senza giochi adeguati, con contatti rigidi su spigoli o fori \u2013 pu\u00f2 soffrire; uno installato con <strong>distanziatori corretti<\/strong>, <strong>guarnizioni idonee<\/strong>e <strong>appoggi continui<\/strong> mantiene integre le sue prestazioni a lungo.<\/p>\n<p>Chi si chiede del <strong>vetro temperato per porte<\/strong> trover\u00e0 una risposta lineare: funziona quando le cerniere sono <strong>dimensionate <\/strong>per la massa della lastra, quando i perni lavorano in asse e quando la ferramenta \u00e8 scelta per il tipo di utilizzo. \u00c8 qui che la teoria diventa pratica: <em>la durata reale \u00e8 la somma tra materiale giusto e montaggio giusto<\/em>. E quando il progetto prevede un passaggio vicino a <strong>fonti di calore<\/strong>, rientra in gioco la corretta valutazione della <strong>temperatura vetro<\/strong> e la scelta di un sistema adeguato al contesto.<\/p>\n<h2>Dove usarlo in casa: applicazioni pratiche stanza per stanza<\/h2>\n<p>La forza del <strong>vetro temperato<\/strong> \u00e8 la sua adattabilit\u00e0. Ogni ambiente domestico ha esigenze diverse, e una lastra progettata con cura si comporta in modo affidabile tanto nei passaggi pi\u00f9 trafficati quanto negli angoli pi\u00f9 esposti al calore o all\u2019umidit\u00e0. Quando si parla di <strong>vetri sicurezza<\/strong> per la casa, il temperato \u00e8 una delle soluzioni pi\u00f9 diffuse perch\u00e9 unisce <strong>resistenza meccanica<\/strong>, <strong>comportamento prevedibile in rottura<\/strong> e una <strong>leggerezza visiva<\/strong> che arreda senza appesantire.<\/p>\n<h3>Zona giorno<\/h3>\n<p>Nel soggiorno, dove luce e convivialit\u00e0 si intrecciano, il temperato permette di creare divisori trasparenti che ampliano lo spazio senza chiuderlo. Funziona bene nei tavoli, nelle mensole, nei piani d\u2019appoggio che devono sopportare carichi e urti occasionali. Qui conta molto la <strong>resistenza alla flessione<\/strong>, una delle <strong>caratteristiche del vetro temperato<\/strong> che lo rendono pi\u00f9 stabile rispetto al vetro non trattato.<\/p>\n<h3>Cucina<\/h3>\n<p>Vicino ai piani cottura, la <strong>temperatura vetro<\/strong> pu\u00f2 variare rapidamente. Per questo una <strong>lastra vetro temperato<\/strong> offre un margine di sicurezza superiore: tollera meglio gli sbalzi termici e rende pi\u00f9 affidabili schienali e protezioni. L\u2019uso frequente e la pulizia quotidiana non lo spaventano; la superficie resta regolare e semplice da mantenere.<\/p>\n<h3>Bagno<\/h3>\n<p>Nel bagno, il <strong>vetro resistente al calore<\/strong> e all\u2019umidit\u00e0 \u00e8 quasi una necessit\u00e0. Il temperato \u00e8 la scelta pi\u00f9 comune nei box doccia proprio per la sicurezza che garantisce in uno spazio dove il pavimento pu\u00f2 risultare scivoloso. L\u2019eventuale rottura in frammenti non taglienti riduce drasticamente i rischi, rendendo questo materiale la soluzione pi\u00f9 pragmatica fra i <strong>vetri temperato<\/strong>.<\/p>\n<h3>Camera da letto<\/h3>\n<p>Nelle stanze dedicate al riposo, il temperato serve pi\u00f9 all\u2019arredo che alla protezione da urti o calore. Qui i vantaggi riguardano soprattutto l\u2019estetica e la <strong>pulizia visiva<\/strong>: armadi con ante scorrevoli in vetro, comodini con elementi trasparenti, pannelli decorativi che sfruttano la brillantezza di un <strong>cristallo temperato<\/strong> studiato per offrire maggiore nitidezza.<\/p>\n<h2>Confronto chiaro: vetro temperato o stratificato<\/h2>\n<p>Molti dubbi nascono dal confronto fra <strong>vetro temperato o stratificato<\/strong>. Le due soluzioni rispondono a logiche diverse e, in alcuni casi, complementari. La tabella qui sotto aiuta a orientarsi senza ambiguit\u00e0.<\/p>\n<h3>Differenze essenziali<\/h3>\n<div>\n<div>\n<table>\n<thead>\n<tr>\n<th>Aspetto<\/th>\n<th>Vetro temperato<\/th>\n<th>Vetro stratificato<\/th>\n<\/tr>\n<\/thead>\n<tbody>\n<tr>\n<td><strong>Resistenza meccanica<\/strong><\/td>\n<td>Elevata grazie alla compressione superficiale<\/td>\n<td>Dipende dal numero di lastre e dall\u2019intercalare<\/td>\n<\/tr>\n<tr>\n<td><strong>Comportamento in rottura<\/strong><\/td>\n<td>Frammentazione in piccoli pezzi smussati<\/td>\n<td>I frammenti restano ancorati alla pellicola interna<\/td>\n<\/tr>\n<tr>\n<td><strong>Uso tipico<\/strong><\/td>\n<td>Box doccia, porte interne, tavoli, arredi, divisori<\/td>\n<td>Parapetti, finestre esposte, protezioni anticaduta<\/td>\n<\/tr>\n<tr>\n<td><strong>Lavorazioni<\/strong><\/td>\n<td>Da eseguire prima della tempra<\/td>\n<td>Maggiore flessibilit\u00e0 dopo la produzione<\/td>\n<\/tr>\n<tr>\n<td><strong>Resistenza termica<\/strong><\/td>\n<td>Ottima gestione degli sbalzi di <strong>temperatura<\/strong><\/td>\n<td>Buona, ma dipende dal tipo di intercalare<\/td>\n<\/tr>\n<\/tbody>\n<\/table>\n<\/div>\n<\/div>\n<p>Il temperato punta sull\u2019<strong>energia interna<\/strong> che accumula con il processo di tempra; lo stratificato lavora sulla <strong>struttura a sandwich<\/strong> che trattiene i frammenti. Per l\u2019arredo interno, il primo \u00e8 in genere pi\u00f9 leggero e pratico; per protezioni esterne o parapetti, il secondo offre maggiori garanzie.<\/p>\n<h2>Come scegliere la lastra giusta: spessori, pesi, destinazioni d\u2019uso<\/h2>\n<p>Scegliere un <strong>vetro temperato<\/strong> non significa optare per un materiale generico. Ogni applicazione ha bisogno di uno <strong>spessore<\/strong> coerente con ci\u00f2 che deve sopportare. A guidare la scelta ci sono il <strong>peso specifico vetro temperato<\/strong>, il formato, i carichi previsti e la posizione della lastra.<\/p>\n<h3>Criteri di scelta fondamentali<\/h3>\n<ul>\n<li><strong>Spessore<\/strong>: cresce con la superficie e con la presenza di carichi; un pannello di grandi dimensioni va irrobustito per evitare flessioni eccessive.<\/li>\n<li><strong>Tipo di supporto<\/strong>: un telaio continuo sostiene meglio di un sistema a punti.<\/li>\n<li><strong>Ambiente<\/strong>: in cucina e bagno \u00e8 preferibile un vetro con elevata resistenza agli sbalzi termici.<\/li>\n<li><strong>Funzione<\/strong>: nelle porte interne, il bilanciamento tra peso e ferramenta \u00e8 decisivo.<\/li>\n<li><strong>Brillantezza<\/strong>: se l\u2019obiettivo \u00e8 un impatto estetico superiore, si valuta un <strong>cristallo temperato<\/strong>.<\/li>\n<\/ul>\n<h3>Spessori comuni e utilizzi consigliati<\/h3>\n<div>\n<div>\n<table>\n<thead>\n<tr>\n<th>Spessore<\/th>\n<th>Utilizzo ideale<\/th>\n<\/tr>\n<\/thead>\n<tbody>\n<tr>\n<td><strong>6 mm<\/strong><\/td>\n<td>Ante armadi, pannelli decorativi<\/td>\n<\/tr>\n<tr>\n<td><strong>8 mm<\/strong><\/td>\n<td>Box doccia, piccole porte scorrevoli<\/td>\n<\/tr>\n<tr>\n<td><strong>10 mm<\/strong><\/td>\n<td>Porte interne, tavoli, divisori<\/td>\n<\/tr>\n<tr>\n<td><strong>12 mm<\/strong><\/td>\n<td>Pannelli autoportanti, grandi superfici<\/td>\n<\/tr>\n<\/tbody>\n<\/table>\n<\/div>\n<\/div>\n<p>Gli spessori sono indicativi: la scelta reale va sempre collegata al formato della lastra e al carico previsto.<\/p>\n<h2>Costi e valutazione di un preventivo<\/h2>\n<p>Quando si parla di <strong>vetro temperato costi<\/strong> o <strong>prezzi vetro temperato<\/strong>, il mercato non d\u00e0 numeri universali. Il prezzo finale nasce dall\u2019incrocio di fattori molto concreti: <strong>spessore<\/strong>, <strong>dimensioni<\/strong>, eventuali <strong>lavorazioni prima della tempra<\/strong>, tipologia di <strong>supporto<\/strong> e caratteristiche estetiche richieste.<\/p>\n<p>A incidere maggiormente sono:<\/p>\n<ul>\n<li>la grandezza della lastra;<\/li>\n<li>le lavorazioni preliminari (fori per maniglie, cerniere, scassi);<\/li>\n<li>la scelta tra temperato standard o <strong>cristallo temperato<\/strong>;<\/li>\n<li>la complessit\u00e0 della posa;<\/li>\n<li>l\u2019eventuale uso in sistemi scorrevoli o battenti.<\/li>\n<\/ul>\n<p>Il modo pi\u00f9 trasparente per valutare un preventivo \u00e8 confrontare materiale, ferramenta, spessore e tipologia di installazione. Un articolo tecnico non pu\u00f2 indicare cifre universali senza rischiare inesattezze; ci\u00f2 che conta \u00e8 capire <strong>come <\/strong>si forma il prezzo e quali variabili analizzare.<\/p>\n<h2>Cura, manutenzione e buona gestione<\/h2>\n<p>Il <strong>vetro temperato<\/strong> non richiede accorgimenti complicati. Una manutenzione ordinaria basta a conservarne la brillantezza. L\u2019importante \u00e8 evitare detergenti abrasivi che possano graffiare la superficie e controllare periodicamente lo stato delle guarnizioni nei sistemi scorrevoli o battenti. Una lastra ben montata, con appoggi continui e tolleranze rispettate, conserva a lungo le sue prestazioni.<\/p>\n<h3>Buone pratiche<\/h3>\n<ul>\n<li>usare detergenti neutri,<\/li>\n<li>evitare urti diretti sugli spigoli,<\/li>\n<li>verificare periodicamente ferramenta e guarnizioni,<\/li>\n<li>proteggere la superficie durante lavori domestici o spostamenti di arredi pesanti.<\/li>\n<\/ul>\n<h2>Conclusioni<\/h2>\n<p>Il <strong>vetro temperato<\/strong> \u00e8 una soluzione solida, pulita nella forma e affidabile nella sostanza. Offre sicurezza, resistenza ai carichi e stabilit\u00e0 termica, con una resa estetica che valorizza ogni ambiente. Funziona in casa perch\u00e9 unisce <strong>trasparenza<\/strong>, durevolezza e semplicit\u00e0 d\u2019uso; funziona nell\u2019arredo perch\u00e9 lascia respirare gli spazi; funziona nella quotidianit\u00e0 perch\u00e9 riduce i rischi senza rinunciare alla bellezza.<\/p>\n<p>Se stai pensando a una <strong>porta in vetro temperato<\/strong>, a un divisorio o a un sistema scorrevole che porti pi\u00f9 luce negli ambienti, puoi affidarti all\u2019esperienza di un\u2019azienda che conosce a fondo materiali e installazione.<br \/>\n<strong>Nusco Spa<\/strong> realizza porte e infissi configurabili anche con vetro temperato e pu\u00f2 guidarti nella scelta pi\u00f9 adatta alla tua casa.<br \/>\n<em><strong><a href=\"https:\/\/nuscospa.com\/it\/contatti\/\">Contattaci<\/a> e <a href=\"https:\/\/urlsand.esvalabs.com\/?u=https%3A%2F%2Fwww.configuratorenusco.com&amp;e=8bd184f7&amp;h=0c6dfa5a&amp;f=y&amp;p=n&amp;l=1\">configura porte e infissi a tuo piacimento<\/a>.<\/strong><\/em><\/p>\n<h2>Domande frequenti<\/h2>\n<h3><strong>Quanto \u00e8 resistente il vetro temperato?<\/strong><\/h3>\n<p><em>Il vetro temperato sopporta sollecitazioni che manderebbero in crisi un vetro comune. La tempra crea tensioni interne che lo rendono molto pi\u00f9 robusto agli urti, alla flessione e agli sbalzi termici. Non \u00e8 indistruttibile, per\u00f2 richiede una forza ben superiore a quella necessaria per rompere una lastra tradizionale.<\/em><\/p>\n<h3><strong>Come capire se un vetro \u00e8 temperato?<\/strong><\/h3>\n<p><em>Di solito porta una marchiatura incisa che riporta la parola \u201ctempered\u201d o la sigla della normativa di riferimento. In alcuni casi, soprattutto per esigenze estetiche, la marcatura non \u00e8 visibile. L\u2019unico test certo \u00e8 l\u2019osservazione con strumenti specifici, che rivelano le tensioni interne prodotte dalla tempra.<\/em><\/p>\n<h3><strong>Che differenza c\u2019\u00e8 tra vetro temperato e vetro stratificato?<\/strong><\/h3>\n<p><em>Il vetro temperato punta sulla resistenza meccanica e sulla frantumazione sicura in piccoli frammenti smussati. Il vetro stratificato, invece, \u00e8 formato da pi\u00f9 lastre unite da un film plastico che trattiene i pezzi in caso di rottura. Per questo viene preferito quando serve una barriera anticaduta o antipenetrazione. Sono due soluzioni di sicurezza, ma con funzioni diverse.<\/em><\/p>\n<h3><strong>Il vetro temperato resiste al calore?<\/strong><\/h3>\n<p><em>Sopporta senza problemi variazioni termiche importanti e pu\u00f2 arrivare a temperature molto elevate prima di cedere. Nel quotidiano significa che non si deforma e non si incrina se esposto al caldo improvviso. Per utilizzi estremi serve una valutazione tecnica accurata, che tenga conto della temperatura effettiva e della durata dell\u2019esposizione.<\/em><\/p>\n<h3><strong>Qual \u00e8 lo spessore del vetro temperato pi\u00f9 utilizzato?<\/strong><\/h3>\n<p><em>Non esiste uno spessore unico valido per tutto. La scelta dipende dalla destinazione d\u2019uso: superfici piccole richiedono esigenze diverse rispetto a porte interne o elementi strutturali. Si procede caso per caso, bilanciando sicurezza, dimensioni e tipo di applicazione.<\/em><\/p>\n<h3><strong>Quanto dura il vetro temperato nel tempo?<\/strong><\/h3>\n<p><em>\u00c8 un materiale stabile che non perde le proprie caratteristiche con l\u2019invecchiamento. La resistenza meccanica rimane costante finch\u00e9 il vetro non subisce impatti anomali o stress localizzati. In condizioni normali pu\u00f2 accompagnare la casa per decenni.<\/em><\/p>\n<h3><strong>Il vetro temperato si pu\u00f2 tagliare dopo la tempra?<\/strong><\/h3>\n<p><em>No. Una volta eseguita la tempra, la lastra non pu\u00f2 pi\u00f9 essere tagliata n\u00e9 lavorata. Qualunque intervento successivo ne comprometterebbe la stabilit\u00e0 e porterebbe all\u2019implosione. Fori, molature e bordature vanno definite prima del trattamento.<\/em><\/p>\n<h3><strong>Il cristallo temperato \u00e8 diverso dal vetro temperato?<\/strong><\/h3>\n<p><em>S\u00ec. Il cristallo temperato contiene ossidi che gli regalano maggiore brillantezza e una resa ottica superiore. Il vetro temperato ha un aspetto pi\u00f9 neutro. Entrambi sono sicuri, entrambi vengono temprati, ma rispondono a esigenze estetiche e stilistiche diverse.<\/em><\/p>\n<h3><strong>Il vetro temperato \u00e8 un vetro di sicurezza?<\/strong><\/h3>\n<p><em>S\u00ec, rientra tra i vetri sicurezza perch\u00e9, in caso di rottura, si frantuma in piccoli elementi smussati che riducono drasticamente il rischio di ferirsi. Non sostituisce lo stratificato nelle situazioni in cui serve una barriera anticaduta, ma \u00e8 perfetto per porte interne, box doccia, arredi e molte soluzioni domestiche ad alto traffico.<\/em><\/p>\n","protected":false},"excerpt":{"rendered":"<p>Che cos\u2019\u00e8 davvero il vetro temperato Dietro l\u2019espressione vetro temperato c\u2019\u00e8 un procedimento preciso, non un vezzo linguistico. Temperato significa che una lastra di vetro \u00e8 stata portata a circa 700 \u00b0C e poi raffreddata rapidamente, cos\u00ec da generare compressioni superficiali che ne aumentano la&#8230;<\/p>\n","protected":false},"author":12,"featured_media":46457,"comment_status":"closed","ping_status":"open","sticky":false,"template":"","format":"standard","meta":{"inline_featured_image":false,"footnotes":""},"categories":[339],"tags":[],"class_list":["post-62924","post","type-post","status-publish","format-standard","has-post-thumbnail","hentry","category-blog"],"yoast_head":"<!-- This site is optimized with the Yoast SEO plugin v25.5 - https:\/\/yoast.com\/wordpress\/plugins\/seo\/ -->\n<title>Vetro temperato: cos&#039;\u00e8, quanto dura e perch\u00e9 usarlo<\/title>\n<meta name=\"description\" content=\"Vetro temperato: scopri cos\u2019\u00e8, quanto dura, quali vantaggi offre e quando conviene sceglierlo per porte e infissi. Guida chiara e completa.\" \/>\n<meta name=\"robots\" content=\"index, follow, max-snippet:-1, max-image-preview:large, max-video-preview:-1\" \/>\n<link rel=\"canonical\" href=\"https:\/\/nuscospa.com\/it\/blog\/vetro-temperato\/\" \/>\n<meta property=\"og:locale\" content=\"it_IT\" \/>\n<meta property=\"og:type\" content=\"article\" \/>\n<meta property=\"og:title\" content=\"Vetro temperato: cos&#039;\u00e8, quanto dura e perch\u00e9 usarlo\" \/>\n<meta property=\"og:description\" content=\"Vetro temperato: scopri cos\u2019\u00e8, quanto dura, quali vantaggi offre e quando conviene sceglierlo per porte e infissi. Guida chiara e completa.\" \/>\n<meta property=\"og:url\" content=\"https:\/\/nuscospa.com\/it\/blog\/vetro-temperato\/\" \/>\n<meta property=\"og:site_name\" content=\"Nusco SpA: dal 1968, porte e infissi per passione\" \/>\n<meta property=\"article:publisher\" content=\"https:\/\/www.facebook.com\/Nusco.spa\" \/>\n<meta property=\"article:published_time\" content=\"2025-11-10T16:11:55+00:00\" \/>\n<meta property=\"article:modified_time\" content=\"2025-11-10T16:12:41+00:00\" \/>\n<meta property=\"og:image\" content=\"https:\/\/nuscospa.com\/wp-content\/uploads\/2025\/08\/luce_naturale_infissi.jpeg\" \/>\n\t<meta property=\"og:image:width\" content=\"1200\" \/>\n\t<meta property=\"og:image:height\" content=\"1200\" \/>\n\t<meta property=\"og:image:type\" content=\"image\/jpeg\" \/>\n<meta name=\"author\" content=\"copywritinghubitat@gmail.com\" \/>\n<meta name=\"twitter:card\" content=\"summary_large_image\" \/>\n<meta name=\"twitter:label1\" content=\"Scritto da\" \/>\n\t<meta name=\"twitter:data1\" content=\"copywritinghubitat@gmail.com\" \/>\n\t<meta name=\"twitter:label2\" content=\"Tempo di lettura stimato\" \/>\n\t<meta name=\"twitter:data2\" content=\"12 minuti\" \/>\n<script type=\"application\/ld+json\" class=\"yoast-schema-graph\">{\"@context\":\"https:\/\/schema.org\",\"@graph\":[{\"@type\":\"Article\",\"@id\":\"https:\/\/nuscospa.com\/it\/blog\/vetro-temperato\/#article\",\"isPartOf\":{\"@id\":\"https:\/\/nuscospa.com\/it\/blog\/vetro-temperato\/\"},\"author\":{\"name\":\"copywritinghubitat@gmail.com\",\"@id\":\"https:\/\/nuscospa.com\/it\/#\/schema\/person\/6db794c98096411c732bfebd427cb973\"},\"headline\":\"Vetro temperato: cos&#8217;\u00e8, quanto dura e perch\u00e9 usarlo\",\"datePublished\":\"2025-11-10T16:11:55+00:00\",\"dateModified\":\"2025-11-10T16:12:41+00:00\",\"mainEntityOfPage\":{\"@id\":\"https:\/\/nuscospa.com\/it\/blog\/vetro-temperato\/\"},\"wordCount\":2209,\"publisher\":{\"@id\":\"https:\/\/nuscospa.com\/it\/#organization\"},\"image\":{\"@id\":\"https:\/\/nuscospa.com\/it\/blog\/vetro-temperato\/#primaryimage\"},\"thumbnailUrl\":\"https:\/\/nuscospa.com\/wp-content\/uploads\/2025\/08\/luce_naturale_infissi.jpeg\",\"articleSection\":[\"Blog\"],\"inLanguage\":\"it-IT\"},{\"@type\":\"WebPage\",\"@id\":\"https:\/\/nuscospa.com\/it\/blog\/vetro-temperato\/\",\"url\":\"https:\/\/nuscospa.com\/it\/blog\/vetro-temperato\/\",\"name\":\"Vetro temperato: cos'\u00e8, quanto dura e perch\u00e9 usarlo\",\"isPartOf\":{\"@id\":\"https:\/\/nuscospa.com\/it\/#website\"},\"primaryImageOfPage\":{\"@id\":\"https:\/\/nuscospa.com\/it\/blog\/vetro-temperato\/#primaryimage\"},\"image\":{\"@id\":\"https:\/\/nuscospa.com\/it\/blog\/vetro-temperato\/#primaryimage\"},\"thumbnailUrl\":\"https:\/\/nuscospa.com\/wp-content\/uploads\/2025\/08\/luce_naturale_infissi.jpeg\",\"datePublished\":\"2025-11-10T16:11:55+00:00\",\"dateModified\":\"2025-11-10T16:12:41+00:00\",\"description\":\"Vetro temperato: scopri cos\u2019\u00e8, quanto dura, quali vantaggi offre e quando conviene sceglierlo per porte e infissi. Guida chiara e completa.\",\"breadcrumb\":{\"@id\":\"https:\/\/nuscospa.com\/it\/blog\/vetro-temperato\/#breadcrumb\"},\"inLanguage\":\"it-IT\",\"potentialAction\":[{\"@type\":\"ReadAction\",\"target\":[\"https:\/\/nuscospa.com\/it\/blog\/vetro-temperato\/\"]}]},{\"@type\":\"ImageObject\",\"inLanguage\":\"it-IT\",\"@id\":\"https:\/\/nuscospa.com\/it\/blog\/vetro-temperato\/#primaryimage\",\"url\":\"https:\/\/nuscospa.com\/wp-content\/uploads\/2025\/08\/luce_naturale_infissi.jpeg\",\"contentUrl\":\"https:\/\/nuscospa.com\/wp-content\/uploads\/2025\/08\/luce_naturale_infissi.jpeg\",\"width\":\"1200\",\"height\":\"1200\",\"caption\":\"Infissi di Nusco SpA in vetro temperato che valorizzano la luce naturale in casa\"},{\"@type\":\"BreadcrumbList\",\"@id\":\"https:\/\/nuscospa.com\/it\/blog\/vetro-temperato\/#breadcrumb\",\"itemListElement\":[{\"@type\":\"ListItem\",\"position\":1,\"name\":\"Home\",\"item\":\"https:\/\/nuscospa.com\/it\/\"},{\"@type\":\"ListItem\",\"position\":2,\"name\":\"Vetro temperato: cos&#8217;\u00e8, quanto dura e perch\u00e9 usarlo\"}]},{\"@type\":\"WebSite\",\"@id\":\"https:\/\/nuscospa.com\/it\/#website\",\"url\":\"https:\/\/nuscospa.com\/it\/\",\"name\":\"Nusco SpA: dal 1968, porte e infissi per passione\",\"description\":\"Nusco SpA \u00e8 leader nella produzione di porte, infissi in legno, legno alluminio e PVC, grate e persiane di sicurezza. Scopri le nostre collezioni!\",\"publisher\":{\"@id\":\"https:\/\/nuscospa.com\/it\/#organization\"},\"potentialAction\":[{\"@type\":\"SearchAction\",\"target\":{\"@type\":\"EntryPoint\",\"urlTemplate\":\"https:\/\/nuscospa.com\/it\/?s={search_term_string}\"},\"query-input\":{\"@type\":\"PropertyValueSpecification\",\"valueRequired\":true,\"valueName\":\"search_term_string\"}}],\"inLanguage\":\"it-IT\"},{\"@type\":\"Organization\",\"@id\":\"https:\/\/nuscospa.com\/it\/#organization\",\"name\":\"Nusco SpA\",\"url\":\"https:\/\/nuscospa.com\/it\/\",\"logo\":{\"@type\":\"ImageObject\",\"inLanguage\":\"it-IT\",\"@id\":\"https:\/\/nuscospa.com\/it\/#\/schema\/logo\/image\/\",\"url\":\"https:\/\/nuscospa.com\/wp-content\/uploads\/2018\/03\/nusco-logo.png\",\"contentUrl\":\"https:\/\/nuscospa.com\/wp-content\/uploads\/2018\/03\/nusco-logo.png\",\"width\":1768,\"height\":744,\"caption\":\"Nusco SpA\"},\"image\":{\"@id\":\"https:\/\/nuscospa.com\/it\/#\/schema\/logo\/image\/\"},\"sameAs\":[\"https:\/\/www.facebook.com\/Nusco.spa\",\"http:\/\/www.linkedin.com\/company\/5103818?trk=tyah&amp;amp;trkInfo=tas:gruppo nusco spa,idx:1-1-1\",\"https:\/\/youtube.com\/@nuscospa3358?si=Y_sAVi-OY5P-hwSM\"]},{\"@type\":\"Person\",\"@id\":\"https:\/\/nuscospa.com\/it\/#\/schema\/person\/6db794c98096411c732bfebd427cb973\",\"name\":\"copywritinghubitat@gmail.com\"}]}<\/script>\n<!-- \/ Yoast SEO plugin. -->","yoast_head_json":{"title":"Vetro temperato: cos'\u00e8, quanto dura e perch\u00e9 usarlo","description":"Vetro temperato: scopri cos\u2019\u00e8, quanto dura, quali vantaggi offre e quando conviene sceglierlo per porte e infissi. Guida chiara e completa.","robots":{"index":"index","follow":"follow","max-snippet":"max-snippet:-1","max-image-preview":"max-image-preview:large","max-video-preview":"max-video-preview:-1"},"canonical":"https:\/\/nuscospa.com\/it\/blog\/vetro-temperato\/","og_locale":"it_IT","og_type":"article","og_title":"Vetro temperato: cos'\u00e8, quanto dura e perch\u00e9 usarlo","og_description":"Vetro temperato: scopri cos\u2019\u00e8, quanto dura, quali vantaggi offre e quando conviene sceglierlo per porte e infissi. Guida chiara e completa.","og_url":"https:\/\/nuscospa.com\/it\/blog\/vetro-temperato\/","og_site_name":"Nusco SpA: dal 1968, porte e infissi per passione","article_publisher":"https:\/\/www.facebook.com\/Nusco.spa","article_published_time":"2025-11-10T16:11:55+00:00","article_modified_time":"2025-11-10T16:12:41+00:00","og_image":[{"width":1200,"height":1200,"url":"https:\/\/nuscospa.com\/wp-content\/uploads\/2025\/08\/luce_naturale_infissi.jpeg","type":"image\/jpeg"}],"author":"copywritinghubitat@gmail.com","twitter_card":"summary_large_image","twitter_misc":{"Scritto da":"copywritinghubitat@gmail.com","Tempo di lettura stimato":"12 minuti"},"schema":{"@context":"https:\/\/schema.org","@graph":[{"@type":"Article","@id":"https:\/\/nuscospa.com\/it\/blog\/vetro-temperato\/#article","isPartOf":{"@id":"https:\/\/nuscospa.com\/it\/blog\/vetro-temperato\/"},"author":{"name":"copywritinghubitat@gmail.com","@id":"https:\/\/nuscospa.com\/it\/#\/schema\/person\/6db794c98096411c732bfebd427cb973"},"headline":"Vetro temperato: cos&#8217;\u00e8, quanto dura e perch\u00e9 usarlo","datePublished":"2025-11-10T16:11:55+00:00","dateModified":"2025-11-10T16:12:41+00:00","mainEntityOfPage":{"@id":"https:\/\/nuscospa.com\/it\/blog\/vetro-temperato\/"},"wordCount":2209,"publisher":{"@id":"https:\/\/nuscospa.com\/it\/#organization"},"image":{"@id":"https:\/\/nuscospa.com\/it\/blog\/vetro-temperato\/#primaryimage"},"thumbnailUrl":"https:\/\/nuscospa.com\/wp-content\/uploads\/2025\/08\/luce_naturale_infissi.jpeg","articleSection":["Blog"],"inLanguage":"it-IT"},{"@type":"WebPage","@id":"https:\/\/nuscospa.com\/it\/blog\/vetro-temperato\/","url":"https:\/\/nuscospa.com\/it\/blog\/vetro-temperato\/","name":"Vetro temperato: cos'\u00e8, quanto dura e perch\u00e9 usarlo","isPartOf":{"@id":"https:\/\/nuscospa.com\/it\/#website"},"primaryImageOfPage":{"@id":"https:\/\/nuscospa.com\/it\/blog\/vetro-temperato\/#primaryimage"},"image":{"@id":"https:\/\/nuscospa.com\/it\/blog\/vetro-temperato\/#primaryimage"},"thumbnailUrl":"https:\/\/nuscospa.com\/wp-content\/uploads\/2025\/08\/luce_naturale_infissi.jpeg","datePublished":"2025-11-10T16:11:55+00:00","dateModified":"2025-11-10T16:12:41+00:00","description":"Vetro temperato: scopri cos\u2019\u00e8, quanto dura, quali vantaggi offre e quando conviene sceglierlo per porte e infissi. Guida chiara e completa.","breadcrumb":{"@id":"https:\/\/nuscospa.com\/it\/blog\/vetro-temperato\/#breadcrumb"},"inLanguage":"it-IT","potentialAction":[{"@type":"ReadAction","target":["https:\/\/nuscospa.com\/it\/blog\/vetro-temperato\/"]}]},{"@type":"ImageObject","inLanguage":"it-IT","@id":"https:\/\/nuscospa.com\/it\/blog\/vetro-temperato\/#primaryimage","url":"https:\/\/nuscospa.com\/wp-content\/uploads\/2025\/08\/luce_naturale_infissi.jpeg","contentUrl":"https:\/\/nuscospa.com\/wp-content\/uploads\/2025\/08\/luce_naturale_infissi.jpeg","width":"1200","height":"1200","caption":"Infissi di Nusco SpA in vetro temperato che valorizzano la luce naturale in casa"},{"@type":"BreadcrumbList","@id":"https:\/\/nuscospa.com\/it\/blog\/vetro-temperato\/#breadcrumb","itemListElement":[{"@type":"ListItem","position":1,"name":"Home","item":"https:\/\/nuscospa.com\/it\/"},{"@type":"ListItem","position":2,"name":"Vetro temperato: cos&#8217;\u00e8, quanto dura e perch\u00e9 usarlo"}]},{"@type":"WebSite","@id":"https:\/\/nuscospa.com\/it\/#website","url":"https:\/\/nuscospa.com\/it\/","name":"Nusco SpA: dal 1968, porte e infissi per passione","description":"Nusco SpA \u00e8 leader nella produzione di porte, infissi in legno, legno alluminio e PVC, grate e persiane di sicurezza. Scopri le nostre collezioni!","publisher":{"@id":"https:\/\/nuscospa.com\/it\/#organization"},"potentialAction":[{"@type":"SearchAction","target":{"@type":"EntryPoint","urlTemplate":"https:\/\/nuscospa.com\/it\/?s={search_term_string}"},"query-input":{"@type":"PropertyValueSpecification","valueRequired":true,"valueName":"search_term_string"}}],"inLanguage":"it-IT"},{"@type":"Organization","@id":"https:\/\/nuscospa.com\/it\/#organization","name":"Nusco SpA","url":"https:\/\/nuscospa.com\/it\/","logo":{"@type":"ImageObject","inLanguage":"it-IT","@id":"https:\/\/nuscospa.com\/it\/#\/schema\/logo\/image\/","url":"https:\/\/nuscospa.com\/wp-content\/uploads\/2018\/03\/nusco-logo.png","contentUrl":"https:\/\/nuscospa.com\/wp-content\/uploads\/2018\/03\/nusco-logo.png","width":1768,"height":744,"caption":"Nusco SpA"},"image":{"@id":"https:\/\/nuscospa.com\/it\/#\/schema\/logo\/image\/"},"sameAs":["https:\/\/www.facebook.com\/Nusco.spa","http:\/\/www.linkedin.com\/company\/5103818?trk=tyah&amp;amp;trkInfo=tas:gruppo nusco spa,idx:1-1-1","https:\/\/youtube.com\/@nuscospa3358?si=Y_sAVi-OY5P-hwSM"]},{"@type":"Person","@id":"https:\/\/nuscospa.com\/it\/#\/schema\/person\/6db794c98096411c732bfebd427cb973","name":"copywritinghubitat@gmail.com"}]}},"_links":{"self":[{"href":"https:\/\/nuscospa.com\/it\/wp-json\/wp\/v2\/posts\/62924"}],"collection":[{"href":"https:\/\/nuscospa.com\/it\/wp-json\/wp\/v2\/posts"}],"about":[{"href":"https:\/\/nuscospa.com\/it\/wp-json\/wp\/v2\/types\/post"}],"author":[{"embeddable":true,"href":"https:\/\/nuscospa.com\/it\/wp-json\/wp\/v2\/users\/12"}],"replies":[{"embeddable":true,"href":"https:\/\/nuscospa.com\/it\/wp-json\/wp\/v2\/comments?post=62924"}],"version-history":[{"count":2,"href":"https:\/\/nuscospa.com\/it\/wp-json\/wp\/v2\/posts\/62924\/revisions"}],"predecessor-version":[{"id":62926,"href":"https:\/\/nuscospa.com\/it\/wp-json\/wp\/v2\/posts\/62924\/revisions\/62926"}],"wp:featuredmedia":[{"embeddable":true,"href":"https:\/\/nuscospa.com\/it\/wp-json\/wp\/v2\/media\/46457"}],"wp:attachment":[{"href":"https:\/\/nuscospa.com\/it\/wp-json\/wp\/v2\/media?parent=62924"}],"wp:term":[{"taxonomy":"category","embeddable":true,"href":"https:\/\/nuscospa.com\/it\/wp-json\/wp\/v2\/categories?post=62924"},{"taxonomy":"post_tag","embeddable":true,"href":"https:\/\/nuscospa.com\/it\/wp-json\/wp\/v2\/tags?post=62924"}],"curies":[{"name":"wp","href":"https:\/\/api.w.org\/{rel}","templated":true}]}}