{"id":28003,"date":"2025-07-08T15:13:43","date_gmt":"2025-07-08T13:13:43","guid":{"rendered":"https:\/\/nuscospa.com\/?p=28003"},"modified":"2025-07-08T16:03:26","modified_gmt":"2025-07-08T14:03:26","slug":"nusco-s-p-a-ottiene-il-rating-di-legalita-dal-garante-della-concorrenza-e-del-mercato","status":"publish","type":"post","link":"https:\/\/nuscospa.com\/it\/news\/nusco-s-p-a-ottiene-il-rating-di-legalita-dal-garante-della-concorrenza-e-del-mercato\/","title":{"rendered":"NUSCO S.P.A. OTTIENE IL RATING DI LEGALIT\u00c0  DAL GARANTE DELLA CONCORRENZA E DEL MERCATO"},"content":{"rendered":"<p><em>Nola (NA), 8 luglio 2025<\/em> \u2013 <strong>Nusco S.p.A<\/strong>. (\u201cSociet\u00e0\u201d o \u201cNusco\u201d), societ\u00e0 attiva nella produzione e commercializzazione di porte per interni e infissi in legno, PVC, alluminio e ferro a marchio \u00abNUSCO\u00bb, quotata sul segmento Euronext Growth Milan di Borsa Italiana S.p.A., comunica di aver ottenuto <strong>dall\u2019Autorit\u00e0 del Garante della Concorrenza e del Mercato<\/strong> &#8211; in base alle dichiarazioni rese, nonch\u00e9 all\u2019esito delle valutazioni effettuate &#8211; il <strong>Rating di legalit\u00e0<\/strong> con il punteggio \u2605\u2605+ (2 stelle + outlook positivo su un massimo di 3 stelle).<\/p>\n<p>&nbsp;<\/p>\n<p>Nusco S.p.A. sar\u00e0 inserita nell\u2019elenco previsto dall\u2019art. 8 del Regolamento che ha durata di due anni dal rilascio ed \u00e8 rinnovabile su richiesta.<\/p>\n<p>&nbsp;<\/p>\n<p>Il rating di legalit\u00e0 \u00e8 un sistema di valutazione del livello di legalit\u00e0 e trasparenza delle imprese, volto a premiare quelle che operano secondo standard etici elevati.\u00a0Introdotto nel 2012 dall&#8217;Autorit\u00e0 Garante della Concorrenza e del Mercato (AGCM) per le imprese italiane, con l&#8217;obiettivo di promuovere il rispetto della legalit\u00e0 e comportamenti etici, attribuisce un &#8220;riconoscimento&#8221; misurato in &#8220;stellette&#8221; (da 1 a 3), che indica il grado di rispetto della legalit\u00e0 e l&#8217;attenzione alla corretta gestione del business da parte dell&#8217;impresa richiedente.<\/p>\n<p>&nbsp;<\/p>\n<p>Il rating di legalit\u00e0 offre vantaggi concreti alle imprese, come agevolazioni nell&#8217;accesso al credito bancario e nella partecipazione a bandi pubblici per finanziamenti.<\/p>\n<p>&nbsp;<\/p>\n<p><strong>Guerino Vassalluzzo<\/strong>, <strong>Presidente e Ceo di Nusco S.p.A<\/strong>. ha dichiarato: <em>\u00abSiamo orgogliosi di condividere un traguardo che per noi di Nusco S.p.A. rappresenta molto pi\u00f9 di un semplice riconoscimento: l&#8217;ottenimento del Rating di Legalit\u00e0 dall&#8217;Autorit\u00e0 Garante della Concorrenza e del Mercato con un punteggio di rilievo. Questo risultato non \u00e8 un punto d&#8217;arrivo, ma la tangibile validazione di un impegno costante e profondo verso la trasparenza e una governance esemplare. Per noi, la legalit\u00e0 e l&#8217;etica non sono solo requisiti, ma i pilastri su cui abbiamo costruito e continuiamo a far crescere la nostra azienda da oltre 60 anni.<\/em><\/p>\n<p><em>Questo Rating \u00e8 un emblema della trasformazione interna che Nusco sta vivendo: un percorso di crescita che mette al centro la responsabilit\u00e0 e l&#8217;integrit\u00e0. \u00c8 il frutto di una cultura aziendale che promuove attivamente la conformit\u00e0 e l&#8217;attenzione alla corretta gestione del business in ogni sua sfaccettatura. Crediamo fermamente che la trasparenza non sia solo un dovere, ma un valore che genera fiducia e crea solide basi per un futuro di successo e innovazione. Siamo determinati a proseguire su questa strada, rafforzando il nostro ruolo di leader e punto di riferimento per il settore\u00bb.<\/em><\/p>\n","protected":false},"excerpt":{"rendered":"<p>Nola (NA), 8 luglio 2025 \u2013 Nusco S.p.A. (\u201cSociet\u00e0\u201d o \u201cNusco\u201d), societ\u00e0 attiva nella produzione e commercializzazione di porte per interni e infissi in legno, PVC, alluminio e ferro a marchio \u00abNUSCO\u00bb, quotata sul segmento Euronext Growth Milan di Borsa Italiana S.p.A., comunica di aver&#8230;<\/p>\n","protected":false},"author":8,"featured_media":28000,"comment_status":"closed","ping_status":"open","sticky":false,"template":"","format":"standard","meta":{"inline_featured_image":false,"footnotes":""},"categories":[60],"tags":[],"class_list":["post-28003","post","type-post","status-publish","format-standard","has-post-thumbnail","hentry","category-news"],"yoast_head":"<!-- This site is optimized with the Yoast SEO plugin v25.5 - https:\/\/yoast.com\/wordpress\/plugins\/seo\/ -->\n<title>NUSCO S.P.A. OTTIENE IL RATING DI LEGALIT\u00c0 DAL GARANTE DELLA CONCORRENZA E DEL MERCATO - Nusco SpA: dal 1968, porte e infissi per passione<\/title>\n<meta name=\"robots\" content=\"index, follow, max-snippet:-1, max-image-preview:large, max-video-preview:-1\" \/>\n<link rel=\"canonical\" href=\"https:\/\/nuscospa.com\/it\/news\/nusco-s-p-a-ottiene-il-rating-di-legalita-dal-garante-della-concorrenza-e-del-mercato\/\" \/>\n<meta property=\"og:locale\" content=\"it_IT\" \/>\n<meta property=\"og:type\" content=\"article\" \/>\n<meta property=\"og:title\" content=\"NUSCO S.P.A. OTTIENE IL RATING DI LEGALIT\u00c0 DAL GARANTE DELLA CONCORRENZA E DEL MERCATO - Nusco SpA: dal 1968, porte e infissi per passione\" \/>\n<meta property=\"og:description\" content=\"Nola (NA), 8 luglio 2025 \u2013 Nusco S.p.A. (\u201cSociet\u00e0\u201d o \u201cNusco\u201d), societ\u00e0 attiva nella produzione e commercializzazione di porte per interni e infissi in legno, PVC, alluminio e ferro a marchio \u00abNUSCO\u00bb, quotata sul segmento Euronext Growth Milan di Borsa Italiana S.p.A., comunica di aver...\" \/>\n<meta property=\"og:url\" content=\"https:\/\/nuscospa.com\/it\/news\/nusco-s-p-a-ottiene-il-rating-di-legalita-dal-garante-della-concorrenza-e-del-mercato\/\" \/>\n<meta property=\"og:site_name\" content=\"Nusco SpA: dal 1968, porte e infissi per passione\" \/>\n<meta property=\"article:publisher\" content=\"https:\/\/www.facebook.com\/Nusco.spa\" \/>\n<meta property=\"article:published_time\" content=\"2025-07-08T13:13:43+00:00\" \/>\n<meta property=\"article:modified_time\" content=\"2025-07-08T14:03:26+00:00\" \/>\n<meta property=\"og:image\" content=\"https:\/\/nuscospa.com\/wp-content\/uploads\/2025\/07\/comunicato-stampa-08-07-2025.jpg\" \/>\n\t<meta property=\"og:image:width\" content=\"1426\" \/>\n\t<meta property=\"og:image:height\" content=\"950\" \/>\n\t<meta property=\"og:image:type\" content=\"image\/jpeg\" \/>\n<meta name=\"author\" content=\"Francesco Rescigno\" \/>\n<meta name=\"twitter:card\" content=\"summary_large_image\" \/>\n<meta name=\"twitter:label1\" content=\"Scritto da\" \/>\n\t<meta name=\"twitter:data1\" content=\"Francesco Rescigno\" \/>\n\t<meta name=\"twitter:label2\" content=\"Tempo di lettura stimato\" \/>\n\t<meta name=\"twitter:data2\" content=\"3 minuti\" \/>\n<script type=\"application\/ld+json\" class=\"yoast-schema-graph\">{\"@context\":\"https:\/\/schema.org\",\"@graph\":[{\"@type\":\"Article\",\"@id\":\"https:\/\/nuscospa.com\/it\/news\/nusco-s-p-a-ottiene-il-rating-di-legalita-dal-garante-della-concorrenza-e-del-mercato\/#article\",\"isPartOf\":{\"@id\":\"https:\/\/nuscospa.com\/it\/news\/nusco-s-p-a-ottiene-il-rating-di-legalita-dal-garante-della-concorrenza-e-del-mercato\/\"},\"author\":{\"name\":\"Francesco Rescigno\",\"@id\":\"https:\/\/nuscospa.com\/it\/#\/schema\/person\/b28bb37934ae401236fd9a01bafde692\"},\"headline\":\"NUSCO S.P.A. OTTIENE IL RATING DI LEGALIT\u00c0 DAL GARANTE DELLA CONCORRENZA E DEL MERCATO\",\"datePublished\":\"2025-07-08T13:13:43+00:00\",\"dateModified\":\"2025-07-08T14:03:26+00:00\",\"mainEntityOfPage\":{\"@id\":\"https:\/\/nuscospa.com\/it\/news\/nusco-s-p-a-ottiene-il-rating-di-legalita-dal-garante-della-concorrenza-e-del-mercato\/\"},\"wordCount\":434,\"publisher\":{\"@id\":\"https:\/\/nuscospa.com\/it\/#organization\"},\"image\":{\"@id\":\"https:\/\/nuscospa.com\/it\/news\/nusco-s-p-a-ottiene-il-rating-di-legalita-dal-garante-della-concorrenza-e-del-mercato\/#primaryimage\"},\"thumbnailUrl\":\"https:\/\/nuscospa.com\/wp-content\/uploads\/2025\/07\/comunicato-stampa-08-07-2025.jpg\",\"articleSection\":[\"News\"],\"inLanguage\":\"it-IT\"},{\"@type\":\"WebPage\",\"@id\":\"https:\/\/nuscospa.com\/it\/news\/nusco-s-p-a-ottiene-il-rating-di-legalita-dal-garante-della-concorrenza-e-del-mercato\/\",\"url\":\"https:\/\/nuscospa.com\/it\/news\/nusco-s-p-a-ottiene-il-rating-di-legalita-dal-garante-della-concorrenza-e-del-mercato\/\",\"name\":\"NUSCO S.P.A. OTTIENE IL RATING DI LEGALIT\u00c0 DAL GARANTE DELLA CONCORRENZA E DEL MERCATO - Nusco SpA: dal 1968, porte e infissi per passione\",\"isPartOf\":{\"@id\":\"https:\/\/nuscospa.com\/it\/#website\"},\"primaryImageOfPage\":{\"@id\":\"https:\/\/nuscospa.com\/it\/news\/nusco-s-p-a-ottiene-il-rating-di-legalita-dal-garante-della-concorrenza-e-del-mercato\/#primaryimage\"},\"image\":{\"@id\":\"https:\/\/nuscospa.com\/it\/news\/nusco-s-p-a-ottiene-il-rating-di-legalita-dal-garante-della-concorrenza-e-del-mercato\/#primaryimage\"},\"thumbnailUrl\":\"https:\/\/nuscospa.com\/wp-content\/uploads\/2025\/07\/comunicato-stampa-08-07-2025.jpg\",\"datePublished\":\"2025-07-08T13:13:43+00:00\",\"dateModified\":\"2025-07-08T14:03:26+00:00\",\"breadcrumb\":{\"@id\":\"https:\/\/nuscospa.com\/it\/news\/nusco-s-p-a-ottiene-il-rating-di-legalita-dal-garante-della-concorrenza-e-del-mercato\/#breadcrumb\"},\"inLanguage\":\"it-IT\",\"potentialAction\":[{\"@type\":\"ReadAction\",\"target\":[\"https:\/\/nuscospa.com\/it\/news\/nusco-s-p-a-ottiene-il-rating-di-legalita-dal-garante-della-concorrenza-e-del-mercato\/\"]}]},{\"@type\":\"ImageObject\",\"inLanguage\":\"it-IT\",\"@id\":\"https:\/\/nuscospa.com\/it\/news\/nusco-s-p-a-ottiene-il-rating-di-legalita-dal-garante-della-concorrenza-e-del-mercato\/#primaryimage\",\"url\":\"https:\/\/nuscospa.com\/wp-content\/uploads\/2025\/07\/comunicato-stampa-08-07-2025.jpg\",\"contentUrl\":\"https:\/\/nuscospa.com\/wp-content\/uploads\/2025\/07\/comunicato-stampa-08-07-2025.jpg\",\"width\":\"1426\",\"height\":\"950\"},{\"@type\":\"BreadcrumbList\",\"@id\":\"https:\/\/nuscospa.com\/it\/news\/nusco-s-p-a-ottiene-il-rating-di-legalita-dal-garante-della-concorrenza-e-del-mercato\/#breadcrumb\",\"itemListElement\":[{\"@type\":\"ListItem\",\"position\":1,\"name\":\"Home\",\"item\":\"https:\/\/nuscospa.com\/it\/\"},{\"@type\":\"ListItem\",\"position\":2,\"name\":\"NUSCO S.P.A. OTTIENE IL RATING DI LEGALIT\u00c0 DAL GARANTE DELLA CONCORRENZA E DEL MERCATO\"}]},{\"@type\":\"WebSite\",\"@id\":\"https:\/\/nuscospa.com\/it\/#website\",\"url\":\"https:\/\/nuscospa.com\/it\/\",\"name\":\"Nusco SpA: dal 1968, porte e infissi per passione\",\"description\":\"Nusco SpA \u00e8 leader nella produzione di porte, infissi in legno, legno alluminio e PVC, grate e persiane di sicurezza. Scopri le nostre collezioni!\",\"publisher\":{\"@id\":\"https:\/\/nuscospa.com\/it\/#organization\"},\"potentialAction\":[{\"@type\":\"SearchAction\",\"target\":{\"@type\":\"EntryPoint\",\"urlTemplate\":\"https:\/\/nuscospa.com\/it\/?s={search_term_string}\"},\"query-input\":{\"@type\":\"PropertyValueSpecification\",\"valueRequired\":true,\"valueName\":\"search_term_string\"}}],\"inLanguage\":\"it-IT\"},{\"@type\":\"Organization\",\"@id\":\"https:\/\/nuscospa.com\/it\/#organization\",\"name\":\"Nusco SpA\",\"url\":\"https:\/\/nuscospa.com\/it\/\",\"logo\":{\"@type\":\"ImageObject\",\"inLanguage\":\"it-IT\",\"@id\":\"https:\/\/nuscospa.com\/it\/#\/schema\/logo\/image\/\",\"url\":\"https:\/\/nuscospa.com\/wp-content\/uploads\/2018\/03\/nusco-logo.png\",\"contentUrl\":\"https:\/\/nuscospa.com\/wp-content\/uploads\/2018\/03\/nusco-logo.png\",\"width\":1768,\"height\":744,\"caption\":\"Nusco SpA\"},\"image\":{\"@id\":\"https:\/\/nuscospa.com\/it\/#\/schema\/logo\/image\/\"},\"sameAs\":[\"https:\/\/www.facebook.com\/Nusco.spa\",\"http:\/\/www.linkedin.com\/company\/5103818?trk=tyah&amp;amp;trkInfo=tas:gruppo nusco spa,idx:1-1-1\",\"https:\/\/youtube.com\/@nuscospa3358?si=Y_sAVi-OY5P-hwSM\"]},{\"@type\":\"Person\",\"@id\":\"https:\/\/nuscospa.com\/it\/#\/schema\/person\/b28bb37934ae401236fd9a01bafde692\",\"name\":\"Francesco Rescigno\"}]}<\/script>\n<!-- \/ Yoast SEO plugin. -->","yoast_head_json":{"title":"NUSCO S.P.A. OTTIENE IL RATING DI LEGALIT\u00c0 DAL GARANTE DELLA CONCORRENZA E DEL MERCATO - Nusco SpA: dal 1968, porte e infissi per passione","robots":{"index":"index","follow":"follow","max-snippet":"max-snippet:-1","max-image-preview":"max-image-preview:large","max-video-preview":"max-video-preview:-1"},"canonical":"https:\/\/nuscospa.com\/it\/news\/nusco-s-p-a-ottiene-il-rating-di-legalita-dal-garante-della-concorrenza-e-del-mercato\/","og_locale":"it_IT","og_type":"article","og_title":"NUSCO S.P.A. OTTIENE IL RATING DI LEGALIT\u00c0 DAL GARANTE DELLA CONCORRENZA E DEL MERCATO - Nusco SpA: dal 1968, porte e infissi per passione","og_description":"Nola (NA), 8 luglio 2025 \u2013 Nusco S.p.A. (\u201cSociet\u00e0\u201d o \u201cNusco\u201d), societ\u00e0 attiva nella produzione e commercializzazione di porte per interni e infissi in legno, PVC, alluminio e ferro a marchio \u00abNUSCO\u00bb, quotata sul segmento Euronext Growth Milan di Borsa Italiana S.p.A., comunica di aver...","og_url":"https:\/\/nuscospa.com\/it\/news\/nusco-s-p-a-ottiene-il-rating-di-legalita-dal-garante-della-concorrenza-e-del-mercato\/","og_site_name":"Nusco SpA: dal 1968, porte e infissi per passione","article_publisher":"https:\/\/www.facebook.com\/Nusco.spa","article_published_time":"2025-07-08T13:13:43+00:00","article_modified_time":"2025-07-08T14:03:26+00:00","og_image":[{"width":1426,"height":950,"url":"https:\/\/nuscospa.com\/wp-content\/uploads\/2025\/07\/comunicato-stampa-08-07-2025.jpg","type":"image\/jpeg"}],"author":"Francesco Rescigno","twitter_card":"summary_large_image","twitter_misc":{"Scritto da":"Francesco Rescigno","Tempo di lettura stimato":"3 minuti"},"schema":{"@context":"https:\/\/schema.org","@graph":[{"@type":"Article","@id":"https:\/\/nuscospa.com\/it\/news\/nusco-s-p-a-ottiene-il-rating-di-legalita-dal-garante-della-concorrenza-e-del-mercato\/#article","isPartOf":{"@id":"https:\/\/nuscospa.com\/it\/news\/nusco-s-p-a-ottiene-il-rating-di-legalita-dal-garante-della-concorrenza-e-del-mercato\/"},"author":{"name":"Francesco Rescigno","@id":"https:\/\/nuscospa.com\/it\/#\/schema\/person\/b28bb37934ae401236fd9a01bafde692"},"headline":"NUSCO S.P.A. OTTIENE IL RATING DI LEGALIT\u00c0 DAL GARANTE DELLA CONCORRENZA E DEL MERCATO","datePublished":"2025-07-08T13:13:43+00:00","dateModified":"2025-07-08T14:03:26+00:00","mainEntityOfPage":{"@id":"https:\/\/nuscospa.com\/it\/news\/nusco-s-p-a-ottiene-il-rating-di-legalita-dal-garante-della-concorrenza-e-del-mercato\/"},"wordCount":434,"publisher":{"@id":"https:\/\/nuscospa.com\/it\/#organization"},"image":{"@id":"https:\/\/nuscospa.com\/it\/news\/nusco-s-p-a-ottiene-il-rating-di-legalita-dal-garante-della-concorrenza-e-del-mercato\/#primaryimage"},"thumbnailUrl":"https:\/\/nuscospa.com\/wp-content\/uploads\/2025\/07\/comunicato-stampa-08-07-2025.jpg","articleSection":["News"],"inLanguage":"it-IT"},{"@type":"WebPage","@id":"https:\/\/nuscospa.com\/it\/news\/nusco-s-p-a-ottiene-il-rating-di-legalita-dal-garante-della-concorrenza-e-del-mercato\/","url":"https:\/\/nuscospa.com\/it\/news\/nusco-s-p-a-ottiene-il-rating-di-legalita-dal-garante-della-concorrenza-e-del-mercato\/","name":"NUSCO S.P.A. OTTIENE IL RATING DI LEGALIT\u00c0 DAL GARANTE DELLA CONCORRENZA E DEL MERCATO - Nusco SpA: dal 1968, porte e infissi per passione","isPartOf":{"@id":"https:\/\/nuscospa.com\/it\/#website"},"primaryImageOfPage":{"@id":"https:\/\/nuscospa.com\/it\/news\/nusco-s-p-a-ottiene-il-rating-di-legalita-dal-garante-della-concorrenza-e-del-mercato\/#primaryimage"},"image":{"@id":"https:\/\/nuscospa.com\/it\/news\/nusco-s-p-a-ottiene-il-rating-di-legalita-dal-garante-della-concorrenza-e-del-mercato\/#primaryimage"},"thumbnailUrl":"https:\/\/nuscospa.com\/wp-content\/uploads\/2025\/07\/comunicato-stampa-08-07-2025.jpg","datePublished":"2025-07-08T13:13:43+00:00","dateModified":"2025-07-08T14:03:26+00:00","breadcrumb":{"@id":"https:\/\/nuscospa.com\/it\/news\/nusco-s-p-a-ottiene-il-rating-di-legalita-dal-garante-della-concorrenza-e-del-mercato\/#breadcrumb"},"inLanguage":"it-IT","potentialAction":[{"@type":"ReadAction","target":["https:\/\/nuscospa.com\/it\/news\/nusco-s-p-a-ottiene-il-rating-di-legalita-dal-garante-della-concorrenza-e-del-mercato\/"]}]},{"@type":"ImageObject","inLanguage":"it-IT","@id":"https:\/\/nuscospa.com\/it\/news\/nusco-s-p-a-ottiene-il-rating-di-legalita-dal-garante-della-concorrenza-e-del-mercato\/#primaryimage","url":"https:\/\/nuscospa.com\/wp-content\/uploads\/2025\/07\/comunicato-stampa-08-07-2025.jpg","contentUrl":"https:\/\/nuscospa.com\/wp-content\/uploads\/2025\/07\/comunicato-stampa-08-07-2025.jpg","width":"1426","height":"950"},{"@type":"BreadcrumbList","@id":"https:\/\/nuscospa.com\/it\/news\/nusco-s-p-a-ottiene-il-rating-di-legalita-dal-garante-della-concorrenza-e-del-mercato\/#breadcrumb","itemListElement":[{"@type":"ListItem","position":1,"name":"Home","item":"https:\/\/nuscospa.com\/it\/"},{"@type":"ListItem","position":2,"name":"NUSCO S.P.A. OTTIENE IL RATING DI LEGALIT\u00c0 DAL GARANTE DELLA CONCORRENZA E DEL MERCATO"}]},{"@type":"WebSite","@id":"https:\/\/nuscospa.com\/it\/#website","url":"https:\/\/nuscospa.com\/it\/","name":"Nusco SpA: dal 1968, porte e infissi per passione","description":"Nusco SpA \u00e8 leader nella produzione di porte, infissi in legno, legno alluminio e PVC, grate e persiane di sicurezza. Scopri le nostre collezioni!","publisher":{"@id":"https:\/\/nuscospa.com\/it\/#organization"},"potentialAction":[{"@type":"SearchAction","target":{"@type":"EntryPoint","urlTemplate":"https:\/\/nuscospa.com\/it\/?s={search_term_string}"},"query-input":{"@type":"PropertyValueSpecification","valueRequired":true,"valueName":"search_term_string"}}],"inLanguage":"it-IT"},{"@type":"Organization","@id":"https:\/\/nuscospa.com\/it\/#organization","name":"Nusco SpA","url":"https:\/\/nuscospa.com\/it\/","logo":{"@type":"ImageObject","inLanguage":"it-IT","@id":"https:\/\/nuscospa.com\/it\/#\/schema\/logo\/image\/","url":"https:\/\/nuscospa.com\/wp-content\/uploads\/2018\/03\/nusco-logo.png","contentUrl":"https:\/\/nuscospa.com\/wp-content\/uploads\/2018\/03\/nusco-logo.png","width":1768,"height":744,"caption":"Nusco SpA"},"image":{"@id":"https:\/\/nuscospa.com\/it\/#\/schema\/logo\/image\/"},"sameAs":["https:\/\/www.facebook.com\/Nusco.spa","http:\/\/www.linkedin.com\/company\/5103818?trk=tyah&amp;amp;trkInfo=tas:gruppo nusco spa,idx:1-1-1","https:\/\/youtube.com\/@nuscospa3358?si=Y_sAVi-OY5P-hwSM"]},{"@type":"Person","@id":"https:\/\/nuscospa.com\/it\/#\/schema\/person\/b28bb37934ae401236fd9a01bafde692","name":"Francesco Rescigno"}]}},"_links":{"self":[{"href":"https:\/\/nuscospa.com\/it\/wp-json\/wp\/v2\/posts\/28003"}],"collection":[{"href":"https:\/\/nuscospa.com\/it\/wp-json\/wp\/v2\/posts"}],"about":[{"href":"https:\/\/nuscospa.com\/it\/wp-json\/wp\/v2\/types\/post"}],"author":[{"embeddable":true,"href":"https:\/\/nuscospa.com\/it\/wp-json\/wp\/v2\/users\/8"}],"replies":[{"embeddable":true,"href":"https:\/\/nuscospa.com\/it\/wp-json\/wp\/v2\/comments?post=28003"}],"version-history":[{"count":3,"href":"https:\/\/nuscospa.com\/it\/wp-json\/wp\/v2\/posts\/28003\/revisions"}],"predecessor-version":[{"id":28007,"href":"https:\/\/nuscospa.com\/it\/wp-json\/wp\/v2\/posts\/28003\/revisions\/28007"}],"wp:featuredmedia":[{"embeddable":true,"href":"https:\/\/nuscospa.com\/it\/wp-json\/wp\/v2\/media\/28000"}],"wp:attachment":[{"href":"https:\/\/nuscospa.com\/it\/wp-json\/wp\/v2\/media?parent=28003"}],"wp:term":[{"taxonomy":"category","embeddable":true,"href":"https:\/\/nuscospa.com\/it\/wp-json\/wp\/v2\/categories?post=28003"},{"taxonomy":"post_tag","embeddable":true,"href":"https:\/\/nuscospa.com\/it\/wp-json\/wp\/v2\/tags?post=28003"}],"curies":[{"name":"wp","href":"https:\/\/api.w.org\/{rel}","templated":true}]}}