{"id":26498,"date":"2023-10-26T13:15:10","date_gmt":"2023-10-26T11:15:10","guid":{"rendered":"https:\/\/nuscospa.com\/?p=26498"},"modified":"2023-10-26T13:15:10","modified_gmt":"2023-10-26T11:15:10","slug":"bonus-barriere-architettoniche-2023-valido-anche-per-porte-e-infissi","status":"publish","type":"post","link":"https:\/\/nuscospa.com\/it\/blog\/bonus-barriere-architettoniche-2023-valido-anche-per-porte-e-infissi\/","title":{"rendered":"Bonus Barriere Architettoniche 2023: Valido Anche per Porte e Infissi"},"content":{"rendered":"<p>La vita quotidiana pu\u00f2 diventare una sfida per coloro che soffrono di problemi di mobilit\u00e0. Persone in sedia a rotelle o con difficolt\u00e0 motorie significative affrontano quotidianamente ostacoli all&#8217;interno delle loro abitazioni. Anche coloro che necessitano di ausili come carrelli per camminare possono trovare problematico spostarsi all&#8217;interno di una casa non adeguatamente adattata alle loro esigenze. Questi ostacoli possono variare da gradini e sporgenze, a porte strette o infissi non idonei. Tuttavia, per coloro che stanno pensando di apportare modifiche strutturali alla propria casa per garantire un ambiente pi\u00f9 accessibile ai familiari con problemi di mobilit\u00e0, o a chi necessita di spostarsi su una sedia a rotelle, c&#8217;\u00e8 una notizia positiva: il nuovo <strong>bonus Barriere Architettoniche 2023<\/strong> del 75% per l&#8217;abbattimento delle barriere architettoniche del 2023.<\/p>\n<h2>Il Bonus Barriere Architettoniche 2023: Copertura estesa a Porte e Infissi<\/h2>\n<p>Il <strong>bonus per l&#8217;abbattimento delle barriere architettoniche<\/strong> \u00e8 un&#8217;agevolazione governativa volta a sostenere le famiglie che intendono migliorare l&#8217;accessibilit\u00e0 delle proprie abitazioni. Nel 2023, questo incentivo \u00e8 stato esteso per coprire anche le spese relative alle porte e agli infissi.<\/p>\n<p>Grazie a questo bonus, \u00e8 possibile <strong>ottenere un rimborso del 75%<\/strong> delle spese sostenute per la rimozione di barriere architettoniche all&#8217;interno dell&#8217;abitazione. Questo significa che se state pensando di eliminare gradini, installare rampe, o apportare modifiche alle porte e agli infissi per renderli pi\u00f9 accessibili, potrete beneficiare di un considerevole aiuto economico.<\/p>\n<p>Il<a href=\"https:\/\/nuscospa.com\/it\/contatti\/\"><strong> bonus pu\u00f2 essere richiesto<\/strong><\/a> da privati cittadini, ma anche da condomini e famiglie numerose, che intendono apportare queste modifiche alle loro abitazioni. Questo rappresenta una grande opportunit\u00e0 per chiunque voglia migliorare la qualit\u00e0 della vita dei propri cari con problemi di mobilit\u00e0 o per coloro che necessitano di uno spazio pi\u00f9 accessibile.<\/p>\n<h2>Che cosa si intende per barriere architettoniche<\/h2>\n<p>Secondo le disposizioni normative relative alle barriere architettoniche, queste possono essere definite come:<\/p>\n<ol>\n<li><strong>Ostacoli fisici<\/strong>: Elementi che limitano la mobilit\u00e0 di individui, in particolare coloro con capacit\u00e0 di movimento ridotte, sia in maniera permanente che temporanea.<\/li>\n<li><strong>Limitazioni all&#8217;utilizzo comodo e sicuro<\/strong>: Ostacoli che impediscono a chiunque di utilizzare in modo agevole e sicuro parti, attrezzature e componenti di uno spazio.<\/li>\n<li><strong>Mancanza di segnaletica e orientamento<\/strong>: L&#8217;assenza di segnaletica e dispositivi di orientamento che facilitino il riconoscimento dei luoghi per persone non vedenti, ipovedenti e sordi.<\/li>\n<\/ol>\n<p>Il bonus del 75% \u00e8 stato introdotto per sostenere l&#8217;implementazione di progetti che rendono gli spazi pi\u00f9 accessibili, pratici e fruibili attraverso la miglior progettazione di finestre, porte, arredi e attrezzature.<\/p>\n<p>Questo incentivo si presenta come una detrazione fiscale che pu\u00f2 coprire fino al 75% delle spese sostenute, senza un limite massimo di recupero, distribuendo la detrazione su un periodo di 5 anni. Inoltre, la sua scadenza \u00e8 stata prorogata fino al 31 dicembre 2025.<\/p>\n<p>Tra le novit\u00e0 pi\u00f9 significative riguardanti il bonus del 75% per le barriere architettoniche vi \u00e8 l&#8217;estensione della copertura che ora include la sostituzione di porte interne, porte esterne e infissi, con una particolare attenzione all&#8217;automazione attraverso soluzioni di domotica.<\/p>\n<p>La grande innovazione \u00e8 che il bonus \u00e8 applicabile anche quando nell&#8217;edificio non sono presenti persone con disabilit\u00e0 o anziani sopra i 65 anni. Ci\u00f2 che conta maggiormente \u00e8 l&#8217;eliminazione delle barriere architettoniche e l&#8217;automazione degli elementi che potrebbero ostacolare la fruibilit\u00e0 e la facilit\u00e0 di movimento.<\/p>\n<p>A seguire, esploreremo in dettaglio quali interventi rientrano nel campo di validit\u00e0 del bonus del 75% per l&#8217;abbattimento delle barriere architettoniche.<\/p>\n<h3><strong>Cosa Include l&#8217;agevolazione per Barriere Architettoniche 2023<\/strong><\/h3>\n<p>Il <strong>bonus barriere architettoniche 2023<\/strong> \u00e8 particolarmente generoso e copre una vasta gamma di interventi. Oltre alle spese legate all&#8217;eliminazione di gradini e barriere architettoniche all&#8217;interno e all&#8217;esterno della casa, il bonus ora include le spese relative alle porte e agli infissi. Questo significa che potrete ottenere un rimborso significativo per:<\/p>\n<ol>\n<li><strong>Porte Interne e Esterne<\/strong>: Se le porte attuali non sono sufficientemente larghe o accessibili, potrete sostituirle con porte a misura delle esigenze del vostro familiare con problemi di mobilit\u00e0.<\/li>\n<li><strong>Infissi<\/strong>: Gli infissi come finestre e finestre scorrevoli possono essere sostituiti per agevolare l&#8217;accesso e l&#8217;uscita dalla casa.<\/li>\n<li><strong>Rampe e Soluzioni per Scale<\/strong>: Se nella vostra abitazione ci sono scale o gradini, potrete installare rampe o altre soluzioni per garantire un accesso agevole.<\/li>\n<li><strong>Pavimenti<\/strong>: Anche le spese relative alla messa in opera di pavimenti pi\u00f9 agevoli possono essere rimborsate.<\/li>\n<\/ol>\n<p>Questo bonus rappresenta un&#8217;opportunit\u00e0 unica per migliorare la qualit\u00e0 della vita delle persone con problemi di mobilit\u00e0. L&#8217;estensione del bonus alle porte e agli infissi amplia ulteriormente le possibilit\u00e0 di rendere le case pi\u00f9 accessibili e confortevoli per chi ne ha bisogno.<\/p>\n<h2>Detrazione Barriere Architettoniche: Porte e Infissi al Centro delle Trasformazioni<\/h2>\n<p>Il bonus del 75% per l&#8217;abbattimento delle barriere architettoniche offre opportunit\u00e0 notevoli per migliorare la tua casa. In particolare, ora \u00e8 possibile sostituire le porte interne e gli infissi per renderli pi\u00f9 accessibili, ma ci sono alcune condizioni da soddisfare.<\/p>\n<p><strong>Sostituzione delle Porte Interne:<\/strong><\/p>\n<p>Per usufruire del bonus per le porte interne, \u00e8 essenziale rispettare alcune condizioni relative all&#8217;abbattimento delle barriere architettoniche. Questi requisiti includono:<\/p>\n<ol>\n<li><strong>Altezza della Maniglia<\/strong>: Le maniglie delle porte devono essere posizionate tra 85 e 95 centimetri dal pavimento per consentire un accesso agevole.<\/li>\n<li><strong>Larghezza della Porta<\/strong>: La larghezza delle porte deve essere di almeno 80 centimetri per garantire un passaggio agevole.<\/li>\n<\/ol>\n<p><strong>Sostituzione degli Infissi:<\/strong><\/p>\n<p>Nel quadro del bonus 75% per l&#8217;abbattimento delle barriere architettoniche, \u00e8 possibile anche sostituire gli infissi per renderli pi\u00f9 accessibili e fruibili. Tuttavia, esistono requisiti specifici per usufruire di questa agevolazione:<\/p>\n<ol>\n<li><strong>Maniglie Accessibili<\/strong>: Le nuove maniglie degli infissi devono essere posizionate a un&#8217;altezza che agevoli l&#8217;utilizzo.<\/li>\n<li><strong>Telaio Inferiore delle Porte<\/strong>: I telai delle porte non devono superare i limiti previsti per l&#8217;eliminazione delle barriere architettoniche.<\/li>\n<li><strong>Tapparelle o Persiane<\/strong>: Se presenti, tapparelle o persiane devono essere motorizzate e movimentabili da posizioni facilmente accessibili a persone con difficolt\u00e0.<\/li>\n<li><strong>Dimensioni Adeguate<\/strong>: Le porte o finestre devono consentire il passaggio di carrozzine.<\/li>\n<\/ol>\n<p>La sostituzione degli infissi pu\u00f2 contribuire in modo significativo a rendere gli spazi pi\u00f9 accessibili e agevolare la vita quotidiana delle persone con mobilit\u00e0 ridotta.<\/p>\n<p>Ricorda che per usufruire del bonus 75% barriere architettoniche, \u00e8 fondamentale rispettare tutti i requisiti stabiliti dalla normativa. In ogni caso, il miglioramento del comfort abitativo e l&#8217;incremento dell&#8217;efficienza energetica della tua abitazione sono obiettivi a portata di mano grazie a questo incentivo.<\/p>\n","protected":false},"excerpt":{"rendered":"<p>La vita quotidiana pu\u00f2 diventare una sfida per coloro che soffrono di problemi di mobilit\u00e0. Persone in sedia a rotelle o con difficolt\u00e0 motorie significative affrontano quotidianamente ostacoli all&#8217;interno delle loro abitazioni. Anche coloro che necessitano di ausili come carrelli per camminare possono trovare problematico&#8230;<\/p>\n","protected":false},"author":10,"featured_media":26503,"comment_status":"closed","ping_status":"open","sticky":false,"template":"","format":"standard","meta":{"inline_featured_image":false,"footnotes":""},"categories":[339],"tags":[393],"class_list":["post-26498","post","type-post","status-publish","format-standard","has-post-thumbnail","hentry","category-blog","tag-bonus-barriere-architettoniche-2023"],"yoast_head":"<!-- This site is optimized with the Yoast SEO plugin v25.5 - https:\/\/yoast.com\/wordpress\/plugins\/seo\/ -->\n<title>Bonus Barriere Architettoniche 2023: Valido per Porte e Infissi<\/title>\n<meta name=\"description\" content=\"Bonus Barriere Architettoniche 2023 da quest&#039;anno \u00e8 valido anche per per Porte e Infissi ed arriva fino ad una detrazione del 75%\" \/>\n<meta name=\"robots\" content=\"index, follow, max-snippet:-1, max-image-preview:large, max-video-preview:-1\" \/>\n<link rel=\"canonical\" href=\"https:\/\/nuscospa.com\/it\/blog\/bonus-barriere-architettoniche-2023-valido-anche-per-porte-e-infissi\/\" \/>\n<meta property=\"og:locale\" content=\"it_IT\" \/>\n<meta property=\"og:type\" content=\"article\" \/>\n<meta property=\"og:title\" content=\"Bonus Barriere Architettoniche 2023: Valido per Porte e Infissi\" \/>\n<meta property=\"og:description\" content=\"Bonus Barriere Architettoniche 2023 da quest&#039;anno \u00e8 valido anche per per Porte e Infissi ed arriva fino ad una detrazione del 75%\" \/>\n<meta property=\"og:url\" content=\"https:\/\/nuscospa.com\/it\/blog\/bonus-barriere-architettoniche-2023-valido-anche-per-porte-e-infissi\/\" \/>\n<meta property=\"og:site_name\" content=\"Nusco SpA: dal 1968, porte e infissi per passione\" \/>\n<meta property=\"article:publisher\" content=\"https:\/\/www.facebook.com\/Nusco.spa\" \/>\n<meta property=\"article:published_time\" content=\"2023-10-26T11:15:10+00:00\" \/>\n<meta property=\"og:image\" content=\"https:\/\/nuscospa.com\/wp-content\/uploads\/2023\/10\/bonus-barriere-architettoniche-2023.jpg\" \/>\n\t<meta property=\"og:image:width\" content=\"1200\" \/>\n\t<meta property=\"og:image:height\" content=\"800\" \/>\n\t<meta property=\"og:image:type\" content=\"image\/jpeg\" \/>\n<meta name=\"author\" content=\"Luca Di Stefano\" \/>\n<meta name=\"twitter:card\" content=\"summary_large_image\" \/>\n<meta name=\"twitter:label1\" content=\"Scritto da\" \/>\n\t<meta name=\"twitter:data1\" content=\"Luca Di Stefano\" \/>\n\t<meta name=\"twitter:label2\" content=\"Tempo di lettura stimato\" \/>\n\t<meta name=\"twitter:data2\" content=\"6 minuti\" \/>\n<script type=\"application\/ld+json\" class=\"yoast-schema-graph\">{\"@context\":\"https:\/\/schema.org\",\"@graph\":[{\"@type\":\"Article\",\"@id\":\"https:\/\/nuscospa.com\/it\/blog\/bonus-barriere-architettoniche-2023-valido-anche-per-porte-e-infissi\/#article\",\"isPartOf\":{\"@id\":\"https:\/\/nuscospa.com\/it\/blog\/bonus-barriere-architettoniche-2023-valido-anche-per-porte-e-infissi\/\"},\"author\":{\"name\":\"Luca Di Stefano\",\"@id\":\"https:\/\/nuscospa.com\/it\/#\/schema\/person\/749f457b3a823b2fff98728f41943d3e\"},\"headline\":\"Bonus Barriere Architettoniche 2023: Valido Anche per Porte e Infissi\",\"datePublished\":\"2023-10-26T11:15:10+00:00\",\"mainEntityOfPage\":{\"@id\":\"https:\/\/nuscospa.com\/it\/blog\/bonus-barriere-architettoniche-2023-valido-anche-per-porte-e-infissi\/\"},\"wordCount\":1035,\"publisher\":{\"@id\":\"https:\/\/nuscospa.com\/it\/#organization\"},\"image\":{\"@id\":\"https:\/\/nuscospa.com\/it\/blog\/bonus-barriere-architettoniche-2023-valido-anche-per-porte-e-infissi\/#primaryimage\"},\"thumbnailUrl\":\"https:\/\/nuscospa.com\/wp-content\/uploads\/2023\/10\/bonus-barriere-architettoniche-2023.jpg\",\"keywords\":[\"bonus barriere architettoniche 2023\"],\"articleSection\":[\"Blog\"],\"inLanguage\":\"it-IT\"},{\"@type\":\"WebPage\",\"@id\":\"https:\/\/nuscospa.com\/it\/blog\/bonus-barriere-architettoniche-2023-valido-anche-per-porte-e-infissi\/\",\"url\":\"https:\/\/nuscospa.com\/it\/blog\/bonus-barriere-architettoniche-2023-valido-anche-per-porte-e-infissi\/\",\"name\":\"Bonus Barriere Architettoniche 2023: Valido per Porte e Infissi\",\"isPartOf\":{\"@id\":\"https:\/\/nuscospa.com\/it\/#website\"},\"primaryImageOfPage\":{\"@id\":\"https:\/\/nuscospa.com\/it\/blog\/bonus-barriere-architettoniche-2023-valido-anche-per-porte-e-infissi\/#primaryimage\"},\"image\":{\"@id\":\"https:\/\/nuscospa.com\/it\/blog\/bonus-barriere-architettoniche-2023-valido-anche-per-porte-e-infissi\/#primaryimage\"},\"thumbnailUrl\":\"https:\/\/nuscospa.com\/wp-content\/uploads\/2023\/10\/bonus-barriere-architettoniche-2023.jpg\",\"datePublished\":\"2023-10-26T11:15:10+00:00\",\"description\":\"Bonus Barriere Architettoniche 2023 da quest'anno \u00e8 valido anche per per Porte e Infissi ed arriva fino ad una detrazione del 75%\",\"breadcrumb\":{\"@id\":\"https:\/\/nuscospa.com\/it\/blog\/bonus-barriere-architettoniche-2023-valido-anche-per-porte-e-infissi\/#breadcrumb\"},\"inLanguage\":\"it-IT\",\"potentialAction\":[{\"@type\":\"ReadAction\",\"target\":[\"https:\/\/nuscospa.com\/it\/blog\/bonus-barriere-architettoniche-2023-valido-anche-per-porte-e-infissi\/\"]}]},{\"@type\":\"ImageObject\",\"inLanguage\":\"it-IT\",\"@id\":\"https:\/\/nuscospa.com\/it\/blog\/bonus-barriere-architettoniche-2023-valido-anche-per-porte-e-infissi\/#primaryimage\",\"url\":\"https:\/\/nuscospa.com\/wp-content\/uploads\/2023\/10\/bonus-barriere-architettoniche-2023.jpg\",\"contentUrl\":\"https:\/\/nuscospa.com\/wp-content\/uploads\/2023\/10\/bonus-barriere-architettoniche-2023.jpg\",\"width\":\"1200\",\"height\":\"800\",\"caption\":\"donna su sedie a rotelle apre porta anti barriere architettoniche\"},{\"@type\":\"BreadcrumbList\",\"@id\":\"https:\/\/nuscospa.com\/it\/blog\/bonus-barriere-architettoniche-2023-valido-anche-per-porte-e-infissi\/#breadcrumb\",\"itemListElement\":[{\"@type\":\"ListItem\",\"position\":1,\"name\":\"Home\",\"item\":\"https:\/\/nuscospa.com\/it\/\"},{\"@type\":\"ListItem\",\"position\":2,\"name\":\"Bonus Barriere Architettoniche 2023: Valido Anche per Porte e Infissi\"}]},{\"@type\":\"WebSite\",\"@id\":\"https:\/\/nuscospa.com\/it\/#website\",\"url\":\"https:\/\/nuscospa.com\/it\/\",\"name\":\"Nusco SpA: dal 1968, porte e infissi per passione\",\"description\":\"Nusco SpA \u00e8 leader nella produzione di porte, infissi in legno, legno alluminio e PVC, grate e persiane di sicurezza. Scopri le nostre collezioni!\",\"publisher\":{\"@id\":\"https:\/\/nuscospa.com\/it\/#organization\"},\"potentialAction\":[{\"@type\":\"SearchAction\",\"target\":{\"@type\":\"EntryPoint\",\"urlTemplate\":\"https:\/\/nuscospa.com\/it\/?s={search_term_string}\"},\"query-input\":{\"@type\":\"PropertyValueSpecification\",\"valueRequired\":true,\"valueName\":\"search_term_string\"}}],\"inLanguage\":\"it-IT\"},{\"@type\":\"Organization\",\"@id\":\"https:\/\/nuscospa.com\/it\/#organization\",\"name\":\"Nusco SpA\",\"url\":\"https:\/\/nuscospa.com\/it\/\",\"logo\":{\"@type\":\"ImageObject\",\"inLanguage\":\"it-IT\",\"@id\":\"https:\/\/nuscospa.com\/it\/#\/schema\/logo\/image\/\",\"url\":\"https:\/\/nuscospa.com\/wp-content\/uploads\/2018\/03\/nusco-logo.png\",\"contentUrl\":\"https:\/\/nuscospa.com\/wp-content\/uploads\/2018\/03\/nusco-logo.png\",\"width\":1768,\"height\":744,\"caption\":\"Nusco SpA\"},\"image\":{\"@id\":\"https:\/\/nuscospa.com\/it\/#\/schema\/logo\/image\/\"},\"sameAs\":[\"https:\/\/www.facebook.com\/Nusco.spa\",\"http:\/\/www.linkedin.com\/company\/5103818?trk=tyah&amp;amp;trkInfo=tas:gruppo nusco spa,idx:1-1-1\",\"https:\/\/youtube.com\/@nuscospa3358?si=Y_sAVi-OY5P-hwSM\"]},{\"@type\":\"Person\",\"@id\":\"https:\/\/nuscospa.com\/it\/#\/schema\/person\/749f457b3a823b2fff98728f41943d3e\",\"name\":\"Luca Di Stefano\"}]}<\/script>\n<!-- \/ Yoast SEO plugin. -->","yoast_head_json":{"title":"Bonus Barriere Architettoniche 2023: Valido per Porte e Infissi","description":"Bonus Barriere Architettoniche 2023 da quest'anno \u00e8 valido anche per per Porte e Infissi ed arriva fino ad una detrazione del 75%","robots":{"index":"index","follow":"follow","max-snippet":"max-snippet:-1","max-image-preview":"max-image-preview:large","max-video-preview":"max-video-preview:-1"},"canonical":"https:\/\/nuscospa.com\/it\/blog\/bonus-barriere-architettoniche-2023-valido-anche-per-porte-e-infissi\/","og_locale":"it_IT","og_type":"article","og_title":"Bonus Barriere Architettoniche 2023: Valido per Porte e Infissi","og_description":"Bonus Barriere Architettoniche 2023 da quest'anno \u00e8 valido anche per per Porte e Infissi ed arriva fino ad una detrazione del 75%","og_url":"https:\/\/nuscospa.com\/it\/blog\/bonus-barriere-architettoniche-2023-valido-anche-per-porte-e-infissi\/","og_site_name":"Nusco SpA: dal 1968, porte e infissi per passione","article_publisher":"https:\/\/www.facebook.com\/Nusco.spa","article_published_time":"2023-10-26T11:15:10+00:00","og_image":[{"width":1200,"height":800,"url":"https:\/\/nuscospa.com\/wp-content\/uploads\/2023\/10\/bonus-barriere-architettoniche-2023.jpg","type":"image\/jpeg"}],"author":"Luca Di Stefano","twitter_card":"summary_large_image","twitter_misc":{"Scritto da":"Luca Di Stefano","Tempo di lettura stimato":"6 minuti"},"schema":{"@context":"https:\/\/schema.org","@graph":[{"@type":"Article","@id":"https:\/\/nuscospa.com\/it\/blog\/bonus-barriere-architettoniche-2023-valido-anche-per-porte-e-infissi\/#article","isPartOf":{"@id":"https:\/\/nuscospa.com\/it\/blog\/bonus-barriere-architettoniche-2023-valido-anche-per-porte-e-infissi\/"},"author":{"name":"Luca Di Stefano","@id":"https:\/\/nuscospa.com\/it\/#\/schema\/person\/749f457b3a823b2fff98728f41943d3e"},"headline":"Bonus Barriere Architettoniche 2023: Valido Anche per Porte e Infissi","datePublished":"2023-10-26T11:15:10+00:00","mainEntityOfPage":{"@id":"https:\/\/nuscospa.com\/it\/blog\/bonus-barriere-architettoniche-2023-valido-anche-per-porte-e-infissi\/"},"wordCount":1035,"publisher":{"@id":"https:\/\/nuscospa.com\/it\/#organization"},"image":{"@id":"https:\/\/nuscospa.com\/it\/blog\/bonus-barriere-architettoniche-2023-valido-anche-per-porte-e-infissi\/#primaryimage"},"thumbnailUrl":"https:\/\/nuscospa.com\/wp-content\/uploads\/2023\/10\/bonus-barriere-architettoniche-2023.jpg","keywords":["bonus barriere architettoniche 2023"],"articleSection":["Blog"],"inLanguage":"it-IT"},{"@type":"WebPage","@id":"https:\/\/nuscospa.com\/it\/blog\/bonus-barriere-architettoniche-2023-valido-anche-per-porte-e-infissi\/","url":"https:\/\/nuscospa.com\/it\/blog\/bonus-barriere-architettoniche-2023-valido-anche-per-porte-e-infissi\/","name":"Bonus Barriere Architettoniche 2023: Valido per Porte e Infissi","isPartOf":{"@id":"https:\/\/nuscospa.com\/it\/#website"},"primaryImageOfPage":{"@id":"https:\/\/nuscospa.com\/it\/blog\/bonus-barriere-architettoniche-2023-valido-anche-per-porte-e-infissi\/#primaryimage"},"image":{"@id":"https:\/\/nuscospa.com\/it\/blog\/bonus-barriere-architettoniche-2023-valido-anche-per-porte-e-infissi\/#primaryimage"},"thumbnailUrl":"https:\/\/nuscospa.com\/wp-content\/uploads\/2023\/10\/bonus-barriere-architettoniche-2023.jpg","datePublished":"2023-10-26T11:15:10+00:00","description":"Bonus Barriere Architettoniche 2023 da quest'anno \u00e8 valido anche per per Porte e Infissi ed arriva fino ad una detrazione del 75%","breadcrumb":{"@id":"https:\/\/nuscospa.com\/it\/blog\/bonus-barriere-architettoniche-2023-valido-anche-per-porte-e-infissi\/#breadcrumb"},"inLanguage":"it-IT","potentialAction":[{"@type":"ReadAction","target":["https:\/\/nuscospa.com\/it\/blog\/bonus-barriere-architettoniche-2023-valido-anche-per-porte-e-infissi\/"]}]},{"@type":"ImageObject","inLanguage":"it-IT","@id":"https:\/\/nuscospa.com\/it\/blog\/bonus-barriere-architettoniche-2023-valido-anche-per-porte-e-infissi\/#primaryimage","url":"https:\/\/nuscospa.com\/wp-content\/uploads\/2023\/10\/bonus-barriere-architettoniche-2023.jpg","contentUrl":"https:\/\/nuscospa.com\/wp-content\/uploads\/2023\/10\/bonus-barriere-architettoniche-2023.jpg","width":"1200","height":"800","caption":"donna su sedie a rotelle apre porta anti barriere architettoniche"},{"@type":"BreadcrumbList","@id":"https:\/\/nuscospa.com\/it\/blog\/bonus-barriere-architettoniche-2023-valido-anche-per-porte-e-infissi\/#breadcrumb","itemListElement":[{"@type":"ListItem","position":1,"name":"Home","item":"https:\/\/nuscospa.com\/it\/"},{"@type":"ListItem","position":2,"name":"Bonus Barriere Architettoniche 2023: Valido Anche per Porte e Infissi"}]},{"@type":"WebSite","@id":"https:\/\/nuscospa.com\/it\/#website","url":"https:\/\/nuscospa.com\/it\/","name":"Nusco SpA: dal 1968, porte e infissi per passione","description":"Nusco SpA \u00e8 leader nella produzione di porte, infissi in legno, legno alluminio e PVC, grate e persiane di sicurezza. Scopri le nostre collezioni!","publisher":{"@id":"https:\/\/nuscospa.com\/it\/#organization"},"potentialAction":[{"@type":"SearchAction","target":{"@type":"EntryPoint","urlTemplate":"https:\/\/nuscospa.com\/it\/?s={search_term_string}"},"query-input":{"@type":"PropertyValueSpecification","valueRequired":true,"valueName":"search_term_string"}}],"inLanguage":"it-IT"},{"@type":"Organization","@id":"https:\/\/nuscospa.com\/it\/#organization","name":"Nusco SpA","url":"https:\/\/nuscospa.com\/it\/","logo":{"@type":"ImageObject","inLanguage":"it-IT","@id":"https:\/\/nuscospa.com\/it\/#\/schema\/logo\/image\/","url":"https:\/\/nuscospa.com\/wp-content\/uploads\/2018\/03\/nusco-logo.png","contentUrl":"https:\/\/nuscospa.com\/wp-content\/uploads\/2018\/03\/nusco-logo.png","width":1768,"height":744,"caption":"Nusco SpA"},"image":{"@id":"https:\/\/nuscospa.com\/it\/#\/schema\/logo\/image\/"},"sameAs":["https:\/\/www.facebook.com\/Nusco.spa","http:\/\/www.linkedin.com\/company\/5103818?trk=tyah&amp;amp;trkInfo=tas:gruppo nusco spa,idx:1-1-1","https:\/\/youtube.com\/@nuscospa3358?si=Y_sAVi-OY5P-hwSM"]},{"@type":"Person","@id":"https:\/\/nuscospa.com\/it\/#\/schema\/person\/749f457b3a823b2fff98728f41943d3e","name":"Luca Di Stefano"}]}},"_links":{"self":[{"href":"https:\/\/nuscospa.com\/it\/wp-json\/wp\/v2\/posts\/26498"}],"collection":[{"href":"https:\/\/nuscospa.com\/it\/wp-json\/wp\/v2\/posts"}],"about":[{"href":"https:\/\/nuscospa.com\/it\/wp-json\/wp\/v2\/types\/post"}],"author":[{"embeddable":true,"href":"https:\/\/nuscospa.com\/it\/wp-json\/wp\/v2\/users\/10"}],"replies":[{"embeddable":true,"href":"https:\/\/nuscospa.com\/it\/wp-json\/wp\/v2\/comments?post=26498"}],"version-history":[{"count":4,"href":"https:\/\/nuscospa.com\/it\/wp-json\/wp\/v2\/posts\/26498\/revisions"}],"predecessor-version":[{"id":26502,"href":"https:\/\/nuscospa.com\/it\/wp-json\/wp\/v2\/posts\/26498\/revisions\/26502"}],"wp:featuredmedia":[{"embeddable":true,"href":"https:\/\/nuscospa.com\/it\/wp-json\/wp\/v2\/media\/26503"}],"wp:attachment":[{"href":"https:\/\/nuscospa.com\/it\/wp-json\/wp\/v2\/media?parent=26498"}],"wp:term":[{"taxonomy":"category","embeddable":true,"href":"https:\/\/nuscospa.com\/it\/wp-json\/wp\/v2\/categories?post=26498"},{"taxonomy":"post_tag","embeddable":true,"href":"https:\/\/nuscospa.com\/it\/wp-json\/wp\/v2\/tags?post=26498"}],"curies":[{"name":"wp","href":"https:\/\/api.w.org\/{rel}","templated":true}]}}