{"id":25927,"date":"2022-11-24T19:11:30","date_gmt":"2022-11-24T18:11:30","guid":{"rendered":"https:\/\/nuscospa.com\/?p=25927"},"modified":"2022-11-24T19:11:30","modified_gmt":"2022-11-24T18:11:30","slug":"porte-interne-meglio-abbinate-o-in-contrasto-con-lambiente","status":"publish","type":"post","link":"https:\/\/nuscospa.com\/it\/blog\/porte-interne-meglio-abbinate-o-in-contrasto-con-lambiente\/","title":{"rendered":"Porte interne: meglio abbinate o in contrasto con l&#8217;ambiente"},"content":{"rendered":"<p>Le <strong>porte interne<\/strong> sono una parte fondamentale della nostra casa, e se prima erano viste solo come elemento funzionale per dividere gli ambienti adesso hanno un valore di rilievo nel design d\u2019interni.<br \/>\nParliamo di veri e propri elementi d\u2019arredo, le cui soluzioni sono molteplici e anche eterogenee. Per le <strong>porte interne<\/strong> \u00e8 &#8216;importante saper mantenere una direzione, un filo conduttore coerente rispetto allo stile scelto per la propria abitazione.<\/p>\n<p>Una porta, con la sua struttura, il suo materiale e anche il suo colore pu\u00f2 determinare l\u2019estetica totale di una stanza. Coordinare materiali, colori, finiture diventa un gioco di equilibri molto sottile che, se non si sa padroneggiare, rischia di vanificare qualsiasi scelta.<\/p>\n<p>Basta davvero poco per creare abbinamenti cromatici sballati scegliere design che contrastano tra di loro e che rendono pacchiano tutto il design della casa.<\/p>\n<p>In questo articolo vediamo quale sia la migliore soluzione tra abbinare le porte o creare contrasti con l&#8217;ambiente.<\/p>\n<h2>Porte per interni: abbinarle o diversificarle?<\/h2>\n<p>Oggi, le porte devono soddisfare molteplici esigenze. Non solo funzionalit\u00e0 ma anche e soprattutto arredare casa, quindi una delle prime cose che spesso viene chiesta e come scegliere le porte come abbinarle all&#8217;arredo e se abbinarle.<\/p>\n<p>Partiamo dal presupposto che non esiste una scelta migliore di un altra. La possibilit\u00e0 di abbinare tutte le porte di casa o diversificarle pu\u00f2 essere in entrambi i casi la migliore scelta o la peggiore. Dipende molto da come vengono fatte queste operazioni e da chi.<\/p>\n<p>Pensiamo che sia importante rivolgersi ad un esperto in primis e poi definire con lui tutto. Di norma si partir\u00e0 dal design attuale degli ambienti di casa, questo \u00e8 il punto fondamentale e imprescindibile, in quanto se non si considera quest&#8217;ultimo la possibilit\u00e0 di fallire \u00e8 molto alta.<\/p>\n<p>A seconda del nostro stile, possiamo partire nel considerare una idea di base per l&#8217;abbinamento delle nostre porte. Con uno stile classico si va solitamente sulla scelta dell&#8217;armonizzazione dell&#8217;ambiente utilizzando porte uguali e abbinate allo stile d&#8217;arredo. Mentre gi\u00e0 con uno stile moderno e pi\u00f9 contemporaneo, si pu\u00f2 optare per scelte diverse e sicuramente pi\u00f9 originali.<\/p>\n<p>Nelle case con un design moderno, spesso vengono usate porte interne diverse tra di loro per dare carattere all&#8217;intera casa e un ruolo ben definito agli infissi, Per esempio dividere zona giorno da zona notte, oppure uno studio\/ufficio interno all&#8217;abitazione. Spesso con arredi <a href=\"https:\/\/nuscospa.com\/it\/blog\/open-space-le-porte-interne-come-elemento-di-privacy-e-design\/\">&#8220;open space&#8221;<\/a> una porta diversa aiuta a dare profondit\u00e0 ad un&#8217;ambiente piccolo.<\/p>\n<h3>Colori e Finiture delle porte interne<\/h3>\n<p>Una volta scelto se abbinare le porte o diversificarle, il lavoro non \u00e8 concluso, anzi. Fondamentale ora sar\u00e0 la capacit\u00e0 di abbinare i colori con l&#8217;ambiente e scegliere le finiture giuste.<\/p>\n<p>Per i colori, il consiglio e di valutare pareti e pavimenti e poi decidere se scegliere di arredare a contrasto o in abbinamento al colore. L&#8217;importante in questo caso \u00e8 la coerenza perch\u00e9 scegliere porte diverse come modello e anche colore \u00e8 un azzardo.<\/p>\n<p>Per le finiture e il materiale, sappiamo che oltre il design, nell&#8217;orientare la scelta vi \u00e8 anche la componente legata al risparmio energetico e l&#8217;insonorizzazione. Non di rado vediamo case arredate con modelli di porte diverse ma con la stessa identica finitura. Ecco la regola anche qui \u00e8 coerenza almeno in parte, per non rischiare di rendere un&#8217;ambiente poco armonico con il resto della casa.<\/p>\n<p>&nbsp;<\/p>\n","protected":false},"excerpt":{"rendered":"<p>Le porte interne sono una parte fondamentale della nostra casa, e se prima erano viste solo come elemento funzionale per dividere gli ambienti adesso hanno un valore di rilievo nel design d\u2019interni. Parliamo di veri e propri elementi d\u2019arredo, le cui soluzioni sono molteplici e&#8230;<\/p>\n","protected":false},"author":10,"featured_media":25931,"comment_status":"closed","ping_status":"open","sticky":false,"template":"","format":"standard","meta":{"inline_featured_image":false,"footnotes":""},"categories":[339],"tags":[333],"class_list":["post-25927","post","type-post","status-publish","format-standard","has-post-thumbnail","hentry","category-blog","tag-porte-interne"],"yoast_head":"<!-- This site is optimized with the Yoast SEO plugin v25.5 - https:\/\/yoast.com\/wordpress\/plugins\/seo\/ -->\n<title>Porte interne: meglio abbinate o in contrasto con l&#039;ambiente<\/title>\n<meta name=\"description\" content=\"Le porte interne, con la loro struttura, il materiale e anche il loro colore possono determinare l\u2019estetica totale di una stanza.\" \/>\n<meta name=\"robots\" content=\"index, follow, max-snippet:-1, max-image-preview:large, max-video-preview:-1\" \/>\n<link rel=\"canonical\" href=\"https:\/\/nuscospa.com\/it\/blog\/porte-interne-meglio-abbinate-o-in-contrasto-con-lambiente\/\" \/>\n<meta property=\"og:locale\" content=\"it_IT\" \/>\n<meta property=\"og:type\" content=\"article\" \/>\n<meta property=\"og:title\" content=\"Porte interne: meglio abbinate o in contrasto con l&#039;ambiente\" \/>\n<meta property=\"og:description\" content=\"Le porte interne, con la loro struttura, il materiale e anche il loro colore possono determinare l\u2019estetica totale di una stanza.\" \/>\n<meta property=\"og:url\" content=\"https:\/\/nuscospa.com\/it\/blog\/porte-interne-meglio-abbinate-o-in-contrasto-con-lambiente\/\" \/>\n<meta property=\"og:site_name\" content=\"Nusco SpA: dal 1968, porte e infissi per passione\" \/>\n<meta property=\"article:publisher\" content=\"https:\/\/www.facebook.com\/Nusco.spa\" \/>\n<meta property=\"article:published_time\" content=\"2022-11-24T18:11:30+00:00\" \/>\n<meta property=\"og:image\" content=\"https:\/\/nuscospa.com\/wp-content\/uploads\/2022\/11\/porte-interne.jpg\" \/>\n\t<meta property=\"og:image:width\" content=\"1200\" \/>\n\t<meta property=\"og:image:height\" content=\"800\" \/>\n\t<meta property=\"og:image:type\" content=\"image\/jpeg\" \/>\n<meta name=\"author\" content=\"Luca Di Stefano\" \/>\n<meta name=\"twitter:card\" content=\"summary_large_image\" \/>\n<meta name=\"twitter:label1\" content=\"Scritto da\" \/>\n\t<meta name=\"twitter:data1\" content=\"Luca Di Stefano\" \/>\n\t<meta name=\"twitter:label2\" content=\"Tempo di lettura stimato\" \/>\n\t<meta name=\"twitter:data2\" content=\"3 minuti\" \/>\n<script type=\"application\/ld+json\" class=\"yoast-schema-graph\">{\"@context\":\"https:\/\/schema.org\",\"@graph\":[{\"@type\":\"Article\",\"@id\":\"https:\/\/nuscospa.com\/it\/blog\/porte-interne-meglio-abbinate-o-in-contrasto-con-lambiente\/#article\",\"isPartOf\":{\"@id\":\"https:\/\/nuscospa.com\/it\/blog\/porte-interne-meglio-abbinate-o-in-contrasto-con-lambiente\/\"},\"author\":{\"name\":\"Luca Di Stefano\",\"@id\":\"https:\/\/nuscospa.com\/it\/#\/schema\/person\/749f457b3a823b2fff98728f41943d3e\"},\"headline\":\"Porte interne: meglio abbinate o in contrasto con l&#8217;ambiente\",\"datePublished\":\"2022-11-24T18:11:30+00:00\",\"mainEntityOfPage\":{\"@id\":\"https:\/\/nuscospa.com\/it\/blog\/porte-interne-meglio-abbinate-o-in-contrasto-con-lambiente\/\"},\"wordCount\":569,\"publisher\":{\"@id\":\"https:\/\/nuscospa.com\/it\/#organization\"},\"image\":{\"@id\":\"https:\/\/nuscospa.com\/it\/blog\/porte-interne-meglio-abbinate-o-in-contrasto-con-lambiente\/#primaryimage\"},\"thumbnailUrl\":\"https:\/\/nuscospa.com\/wp-content\/uploads\/2022\/11\/porte-interne.jpg\",\"keywords\":[\"porte interne\"],\"articleSection\":[\"Blog\"],\"inLanguage\":\"it-IT\"},{\"@type\":\"WebPage\",\"@id\":\"https:\/\/nuscospa.com\/it\/blog\/porte-interne-meglio-abbinate-o-in-contrasto-con-lambiente\/\",\"url\":\"https:\/\/nuscospa.com\/it\/blog\/porte-interne-meglio-abbinate-o-in-contrasto-con-lambiente\/\",\"name\":\"Porte interne: meglio abbinate o in contrasto con l'ambiente\",\"isPartOf\":{\"@id\":\"https:\/\/nuscospa.com\/it\/#website\"},\"primaryImageOfPage\":{\"@id\":\"https:\/\/nuscospa.com\/it\/blog\/porte-interne-meglio-abbinate-o-in-contrasto-con-lambiente\/#primaryimage\"},\"image\":{\"@id\":\"https:\/\/nuscospa.com\/it\/blog\/porte-interne-meglio-abbinate-o-in-contrasto-con-lambiente\/#primaryimage\"},\"thumbnailUrl\":\"https:\/\/nuscospa.com\/wp-content\/uploads\/2022\/11\/porte-interne.jpg\",\"datePublished\":\"2022-11-24T18:11:30+00:00\",\"description\":\"Le porte interne, con la loro struttura, il materiale e anche il loro colore possono determinare l\u2019estetica totale di una stanza.\",\"breadcrumb\":{\"@id\":\"https:\/\/nuscospa.com\/it\/blog\/porte-interne-meglio-abbinate-o-in-contrasto-con-lambiente\/#breadcrumb\"},\"inLanguage\":\"it-IT\",\"potentialAction\":[{\"@type\":\"ReadAction\",\"target\":[\"https:\/\/nuscospa.com\/it\/blog\/porte-interne-meglio-abbinate-o-in-contrasto-con-lambiente\/\"]}]},{\"@type\":\"ImageObject\",\"inLanguage\":\"it-IT\",\"@id\":\"https:\/\/nuscospa.com\/it\/blog\/porte-interne-meglio-abbinate-o-in-contrasto-con-lambiente\/#primaryimage\",\"url\":\"https:\/\/nuscospa.com\/wp-content\/uploads\/2022\/11\/porte-interne.jpg\",\"contentUrl\":\"https:\/\/nuscospa.com\/wp-content\/uploads\/2022\/11\/porte-interne.jpg\",\"width\":\"1200\",\"height\":\"800\",\"caption\":\"Porte Interne\"},{\"@type\":\"BreadcrumbList\",\"@id\":\"https:\/\/nuscospa.com\/it\/blog\/porte-interne-meglio-abbinate-o-in-contrasto-con-lambiente\/#breadcrumb\",\"itemListElement\":[{\"@type\":\"ListItem\",\"position\":1,\"name\":\"Home\",\"item\":\"https:\/\/nuscospa.com\/it\/\"},{\"@type\":\"ListItem\",\"position\":2,\"name\":\"Porte interne: meglio abbinate o in contrasto con l&#8217;ambiente\"}]},{\"@type\":\"WebSite\",\"@id\":\"https:\/\/nuscospa.com\/it\/#website\",\"url\":\"https:\/\/nuscospa.com\/it\/\",\"name\":\"Nusco SpA: dal 1968, porte e infissi per passione\",\"description\":\"Nusco SpA \u00e8 leader nella produzione di porte, infissi in legno, legno alluminio e PVC, grate e persiane di sicurezza. Scopri le nostre collezioni!\",\"publisher\":{\"@id\":\"https:\/\/nuscospa.com\/it\/#organization\"},\"potentialAction\":[{\"@type\":\"SearchAction\",\"target\":{\"@type\":\"EntryPoint\",\"urlTemplate\":\"https:\/\/nuscospa.com\/it\/?s={search_term_string}\"},\"query-input\":{\"@type\":\"PropertyValueSpecification\",\"valueRequired\":true,\"valueName\":\"search_term_string\"}}],\"inLanguage\":\"it-IT\"},{\"@type\":\"Organization\",\"@id\":\"https:\/\/nuscospa.com\/it\/#organization\",\"name\":\"Nusco SpA\",\"url\":\"https:\/\/nuscospa.com\/it\/\",\"logo\":{\"@type\":\"ImageObject\",\"inLanguage\":\"it-IT\",\"@id\":\"https:\/\/nuscospa.com\/it\/#\/schema\/logo\/image\/\",\"url\":\"https:\/\/nuscospa.com\/wp-content\/uploads\/2018\/03\/nusco-logo.png\",\"contentUrl\":\"https:\/\/nuscospa.com\/wp-content\/uploads\/2018\/03\/nusco-logo.png\",\"width\":1768,\"height\":744,\"caption\":\"Nusco SpA\"},\"image\":{\"@id\":\"https:\/\/nuscospa.com\/it\/#\/schema\/logo\/image\/\"},\"sameAs\":[\"https:\/\/www.facebook.com\/Nusco.spa\",\"http:\/\/www.linkedin.com\/company\/5103818?trk=tyah&amp;amp;trkInfo=tas:gruppo nusco spa,idx:1-1-1\",\"https:\/\/youtube.com\/@nuscospa3358?si=Y_sAVi-OY5P-hwSM\"]},{\"@type\":\"Person\",\"@id\":\"https:\/\/nuscospa.com\/it\/#\/schema\/person\/749f457b3a823b2fff98728f41943d3e\",\"name\":\"Luca Di Stefano\"}]}<\/script>\n<!-- \/ Yoast SEO plugin. -->","yoast_head_json":{"title":"Porte interne: meglio abbinate o in contrasto con l'ambiente","description":"Le porte interne, con la loro struttura, il materiale e anche il loro colore possono determinare l\u2019estetica totale di una stanza.","robots":{"index":"index","follow":"follow","max-snippet":"max-snippet:-1","max-image-preview":"max-image-preview:large","max-video-preview":"max-video-preview:-1"},"canonical":"https:\/\/nuscospa.com\/it\/blog\/porte-interne-meglio-abbinate-o-in-contrasto-con-lambiente\/","og_locale":"it_IT","og_type":"article","og_title":"Porte interne: meglio abbinate o in contrasto con l'ambiente","og_description":"Le porte interne, con la loro struttura, il materiale e anche il loro colore possono determinare l\u2019estetica totale di una stanza.","og_url":"https:\/\/nuscospa.com\/it\/blog\/porte-interne-meglio-abbinate-o-in-contrasto-con-lambiente\/","og_site_name":"Nusco SpA: dal 1968, porte e infissi per passione","article_publisher":"https:\/\/www.facebook.com\/Nusco.spa","article_published_time":"2022-11-24T18:11:30+00:00","og_image":[{"width":1200,"height":800,"url":"https:\/\/nuscospa.com\/wp-content\/uploads\/2022\/11\/porte-interne.jpg","type":"image\/jpeg"}],"author":"Luca Di Stefano","twitter_card":"summary_large_image","twitter_misc":{"Scritto da":"Luca Di Stefano","Tempo di lettura stimato":"3 minuti"},"schema":{"@context":"https:\/\/schema.org","@graph":[{"@type":"Article","@id":"https:\/\/nuscospa.com\/it\/blog\/porte-interne-meglio-abbinate-o-in-contrasto-con-lambiente\/#article","isPartOf":{"@id":"https:\/\/nuscospa.com\/it\/blog\/porte-interne-meglio-abbinate-o-in-contrasto-con-lambiente\/"},"author":{"name":"Luca Di Stefano","@id":"https:\/\/nuscospa.com\/it\/#\/schema\/person\/749f457b3a823b2fff98728f41943d3e"},"headline":"Porte interne: meglio abbinate o in contrasto con l&#8217;ambiente","datePublished":"2022-11-24T18:11:30+00:00","mainEntityOfPage":{"@id":"https:\/\/nuscospa.com\/it\/blog\/porte-interne-meglio-abbinate-o-in-contrasto-con-lambiente\/"},"wordCount":569,"publisher":{"@id":"https:\/\/nuscospa.com\/it\/#organization"},"image":{"@id":"https:\/\/nuscospa.com\/it\/blog\/porte-interne-meglio-abbinate-o-in-contrasto-con-lambiente\/#primaryimage"},"thumbnailUrl":"https:\/\/nuscospa.com\/wp-content\/uploads\/2022\/11\/porte-interne.jpg","keywords":["porte interne"],"articleSection":["Blog"],"inLanguage":"it-IT"},{"@type":"WebPage","@id":"https:\/\/nuscospa.com\/it\/blog\/porte-interne-meglio-abbinate-o-in-contrasto-con-lambiente\/","url":"https:\/\/nuscospa.com\/it\/blog\/porte-interne-meglio-abbinate-o-in-contrasto-con-lambiente\/","name":"Porte interne: meglio abbinate o in contrasto con l'ambiente","isPartOf":{"@id":"https:\/\/nuscospa.com\/it\/#website"},"primaryImageOfPage":{"@id":"https:\/\/nuscospa.com\/it\/blog\/porte-interne-meglio-abbinate-o-in-contrasto-con-lambiente\/#primaryimage"},"image":{"@id":"https:\/\/nuscospa.com\/it\/blog\/porte-interne-meglio-abbinate-o-in-contrasto-con-lambiente\/#primaryimage"},"thumbnailUrl":"https:\/\/nuscospa.com\/wp-content\/uploads\/2022\/11\/porte-interne.jpg","datePublished":"2022-11-24T18:11:30+00:00","description":"Le porte interne, con la loro struttura, il materiale e anche il loro colore possono determinare l\u2019estetica totale di una stanza.","breadcrumb":{"@id":"https:\/\/nuscospa.com\/it\/blog\/porte-interne-meglio-abbinate-o-in-contrasto-con-lambiente\/#breadcrumb"},"inLanguage":"it-IT","potentialAction":[{"@type":"ReadAction","target":["https:\/\/nuscospa.com\/it\/blog\/porte-interne-meglio-abbinate-o-in-contrasto-con-lambiente\/"]}]},{"@type":"ImageObject","inLanguage":"it-IT","@id":"https:\/\/nuscospa.com\/it\/blog\/porte-interne-meglio-abbinate-o-in-contrasto-con-lambiente\/#primaryimage","url":"https:\/\/nuscospa.com\/wp-content\/uploads\/2022\/11\/porte-interne.jpg","contentUrl":"https:\/\/nuscospa.com\/wp-content\/uploads\/2022\/11\/porte-interne.jpg","width":"1200","height":"800","caption":"Porte Interne"},{"@type":"BreadcrumbList","@id":"https:\/\/nuscospa.com\/it\/blog\/porte-interne-meglio-abbinate-o-in-contrasto-con-lambiente\/#breadcrumb","itemListElement":[{"@type":"ListItem","position":1,"name":"Home","item":"https:\/\/nuscospa.com\/it\/"},{"@type":"ListItem","position":2,"name":"Porte interne: meglio abbinate o in contrasto con l&#8217;ambiente"}]},{"@type":"WebSite","@id":"https:\/\/nuscospa.com\/it\/#website","url":"https:\/\/nuscospa.com\/it\/","name":"Nusco SpA: dal 1968, porte e infissi per passione","description":"Nusco SpA \u00e8 leader nella produzione di porte, infissi in legno, legno alluminio e PVC, grate e persiane di sicurezza. Scopri le nostre collezioni!","publisher":{"@id":"https:\/\/nuscospa.com\/it\/#organization"},"potentialAction":[{"@type":"SearchAction","target":{"@type":"EntryPoint","urlTemplate":"https:\/\/nuscospa.com\/it\/?s={search_term_string}"},"query-input":{"@type":"PropertyValueSpecification","valueRequired":true,"valueName":"search_term_string"}}],"inLanguage":"it-IT"},{"@type":"Organization","@id":"https:\/\/nuscospa.com\/it\/#organization","name":"Nusco SpA","url":"https:\/\/nuscospa.com\/it\/","logo":{"@type":"ImageObject","inLanguage":"it-IT","@id":"https:\/\/nuscospa.com\/it\/#\/schema\/logo\/image\/","url":"https:\/\/nuscospa.com\/wp-content\/uploads\/2018\/03\/nusco-logo.png","contentUrl":"https:\/\/nuscospa.com\/wp-content\/uploads\/2018\/03\/nusco-logo.png","width":1768,"height":744,"caption":"Nusco SpA"},"image":{"@id":"https:\/\/nuscospa.com\/it\/#\/schema\/logo\/image\/"},"sameAs":["https:\/\/www.facebook.com\/Nusco.spa","http:\/\/www.linkedin.com\/company\/5103818?trk=tyah&amp;amp;trkInfo=tas:gruppo nusco spa,idx:1-1-1","https:\/\/youtube.com\/@nuscospa3358?si=Y_sAVi-OY5P-hwSM"]},{"@type":"Person","@id":"https:\/\/nuscospa.com\/it\/#\/schema\/person\/749f457b3a823b2fff98728f41943d3e","name":"Luca Di Stefano"}]}},"_links":{"self":[{"href":"https:\/\/nuscospa.com\/it\/wp-json\/wp\/v2\/posts\/25927"}],"collection":[{"href":"https:\/\/nuscospa.com\/it\/wp-json\/wp\/v2\/posts"}],"about":[{"href":"https:\/\/nuscospa.com\/it\/wp-json\/wp\/v2\/types\/post"}],"author":[{"embeddable":true,"href":"https:\/\/nuscospa.com\/it\/wp-json\/wp\/v2\/users\/10"}],"replies":[{"embeddable":true,"href":"https:\/\/nuscospa.com\/it\/wp-json\/wp\/v2\/comments?post=25927"}],"version-history":[{"count":5,"href":"https:\/\/nuscospa.com\/it\/wp-json\/wp\/v2\/posts\/25927\/revisions"}],"predecessor-version":[{"id":25938,"href":"https:\/\/nuscospa.com\/it\/wp-json\/wp\/v2\/posts\/25927\/revisions\/25938"}],"wp:featuredmedia":[{"embeddable":true,"href":"https:\/\/nuscospa.com\/it\/wp-json\/wp\/v2\/media\/25931"}],"wp:attachment":[{"href":"https:\/\/nuscospa.com\/it\/wp-json\/wp\/v2\/media?parent=25927"}],"wp:term":[{"taxonomy":"category","embeddable":true,"href":"https:\/\/nuscospa.com\/it\/wp-json\/wp\/v2\/categories?post=25927"},{"taxonomy":"post_tag","embeddable":true,"href":"https:\/\/nuscospa.com\/it\/wp-json\/wp\/v2\/tags?post=25927"}],"curies":[{"name":"wp","href":"https:\/\/api.w.org\/{rel}","templated":true}]}}