{"id":24823,"date":"2021-11-08T17:26:14","date_gmt":"2021-11-08T16:26:14","guid":{"rendered":"https:\/\/nuscospa.com\/?p=24823"},"modified":"2023-11-02T12:20:12","modified_gmt":"2023-11-02T11:20:12","slug":"nusco-ha-partecipato-al-finance-gala-organizzato-da-integrae-sim-e-ha-ottenuto-il-premio-crescita","status":"publish","type":"post","link":"https:\/\/nuscospa.com\/it\/news\/nusco-ha-partecipato-al-finance-gala-organizzato-da-integrae-sim-e-ha-ottenuto-il-premio-crescita\/","title":{"rendered":"Nusco ha partecipato al Finance Gala organizzato da INTEGRAE SIM e ha ottenuto il \u00abPremio Crescita\u00bb"},"content":{"rendered":"<h3><em><strong>L\u2019evento \u00e8 stata un\u2019occasione di confronto tra mondo finanziario e impresa<\/strong><\/em><\/h3>\n<p><em>Nola, 8 novembre 2021<\/em> \u2013 <strong>Nusco S.p.A.<\/strong>, societ\u00e0 attiva nella produzione e commercializzazione di porte per interni e infissi in legno, PVC, alluminio e ferro a marchio \u00abNUSCO\u00bb, quotata su Euronext Growth Milan, ha partecipato al \u00ab<strong>Finance Gala<\/strong>\u00bb, evento organizzato da Integrae SIM, leader in Italia nella finanza straordinaria per le PMI, tenutosi il giorno <strong>4 Novembre 2021<\/strong>.<\/p>\n<p>L\u2019evento, svoltosi nella cornice dell\u2019Hangar 21 di Milano, ha voluto favorire l\u2019incontro e la conoscenza del mondo finanziario con quello enterprise \u2013 nello specifico delle piccole e medie imprese \u2013 creando connessioni, collaborazioni e condivisione di progetti e strategie, anche attraverso meeting one-to-one e one-to-many con investitori istituzionali.<\/p>\n<p>Iniziative ESG (\u201cEnvironmental, Social and Governance\u201d), Innovazione e Tecnologia sono stati tra i principali temi affrontati con la comunit\u00e0 finanziaria nell\u2019evento che si \u00e8 svolto in modalit\u00e0 fisica e virtuale nel corso dell\u2019intera giornata.<\/p>\n<p>A conclusione delle attivit\u00e0, si \u00e8 tenuta la cena di gala, durante la quale ha avuto luogo l\u2019assegnazione degli Awards ufficiali da parte degli sponsor e degli organizzatori; a Nusco \u00e8 stato assegnato il <strong>Premio CRESCITA<\/strong> legato alle previsioni di accelerazione, per l\u2019anno in corso, dello sviluppo del business che Integrae si attende si presenteranno per la Societ\u00e0, a fronte degli effetti dei decreti incentivanti e del portafoglio ordini della Societ\u00e0 stessa. A supporto di questo si ricorda che Nusco ha da poco costituito Nusco Energy S.r.l., con l\u2019obiettivo di realizzare lavori di riqualificazione energetica legati al superbonus 110%, e ha evidenziato un portafoglio ordini al 30 settembre 2021 in crescita del +74% rispetto al dato dello stesso periodo dell\u2019anno precedente (<em>riferimento al comunicato diffuso in data 19 ottobre 2021<\/em>). Il premio \u00e8 stato ritirato da <strong>Luigi Nusco<\/strong>, Presidente e Amministratore Delegato, presente all\u2019evento insieme a <strong>Guerino Vassalluzzo<\/strong>, CFO, e <strong>Matilde Durante<\/strong>, Innovation &amp; Design Manager.<\/p>\n<p><em>\u201cQuesti incontri sono stati per noi una preziosa occasione di confronto, attraverso la quale abbiamo potuto illustrare la nostra strategia, i cui punti cardine sono, da sempre, l\u2019innovazione e la sostenibilit\u00e0. Siamo inoltre molto soddisfatti del riconoscimento conferitoci, ulteriore riprova della fiducia da parte della comunit\u00e0 finanziaria nel nostro modello di business e nelle potenzialit\u00e0 del nostro mercato di riferimento\u201d.<\/em> Ha commentato <strong>Luigi Nusco<\/strong>, Presidente e Amministratore Delegato di Nusco S.p.A.<\/p>\n<p><a class=\"qbutton medium default\" style=\"font-style: normal; font-weight: 400; border-radius: 0px; -moz-border-radius: 0px; -webkit-border-radius: 0px;\" href=\"https:\/\/nuscospa.com\/wp-content\/uploads\/2021\/11\/CS_Nusco_finance-gala_08.11.21.pdf\" target=\"_blank\" rel=\"noopener\">Scarica il comunicato<\/a><\/p>\n","protected":false},"excerpt":{"rendered":"<p>L\u2019evento \u00e8 stata un\u2019occasione di confronto tra mondo finanziario e impresa Nola, 8 novembre 2021 \u2013 Nusco S.p.A., societ\u00e0 attiva nella produzione e commercializzazione di porte per interni e infissi in legno, PVC, alluminio e ferro a marchio \u00abNUSCO\u00bb, quotata su Euronext Growth Milan, ha&#8230;<\/p>\n","protected":false},"author":2,"featured_media":24824,"comment_status":"closed","ping_status":"open","sticky":false,"template":"","format":"standard","meta":{"inline_featured_image":false,"footnotes":""},"categories":[60],"tags":[369,368],"class_list":["post-24823","post","type-post","status-publish","format-standard","has-post-thumbnail","hentry","category-news","tag-finance-gala","tag-premio-crescita"],"yoast_head":"<!-- This site is optimized with the Yoast SEO plugin v25.5 - https:\/\/yoast.com\/wordpress\/plugins\/seo\/ -->\n<title>Nusco ha partecipato al Finance Gala organizzato da INTEGRAE SIM e ha ottenuto il \u00abPremio Crescita\u00bb<\/title>\n<meta name=\"description\" content=\"L\u2019evento, svoltosi nella cornice dell\u2019Hangar 21 di Milano, ha voluto favorire l\u2019incontro e la conoscenza del mondo finanziario con quello enterprise \u2013 nello specifico delle piccole e medie imprese \u2013 creando connessioni, collaborazioni e condivisione di progetti e strategie, anche attraverso meeting one-to-one e one-to-many con investitori istituzionali.\" \/>\n<meta name=\"robots\" content=\"index, follow, max-snippet:-1, max-image-preview:large, max-video-preview:-1\" \/>\n<link rel=\"canonical\" href=\"https:\/\/nuscospa.com\/it\/news\/nusco-ha-partecipato-al-finance-gala-organizzato-da-integrae-sim-e-ha-ottenuto-il-premio-crescita\/\" \/>\n<meta property=\"og:locale\" content=\"it_IT\" \/>\n<meta property=\"og:type\" content=\"article\" \/>\n<meta property=\"og:title\" content=\"Nusco ha partecipato al Finance Gala organizzato da INTEGRAE SIM e ha ottenuto il \u00abPremio Crescita\u00bb\" \/>\n<meta property=\"og:description\" content=\"L\u2019evento, svoltosi nella cornice dell\u2019Hangar 21 di Milano, ha voluto favorire l\u2019incontro e la conoscenza del mondo finanziario con quello enterprise \u2013 nello specifico delle piccole e medie imprese \u2013 creando connessioni, collaborazioni e condivisione di progetti e strategie, anche attraverso meeting one-to-one e one-to-many con investitori istituzionali.\" \/>\n<meta property=\"og:url\" content=\"https:\/\/nuscospa.com\/it\/news\/nusco-ha-partecipato-al-finance-gala-organizzato-da-integrae-sim-e-ha-ottenuto-il-premio-crescita\/\" \/>\n<meta property=\"og:site_name\" content=\"Nusco SpA: dal 1968, porte e infissi per passione\" \/>\n<meta property=\"article:publisher\" content=\"https:\/\/www.facebook.com\/Nusco.spa\" \/>\n<meta property=\"article:published_time\" content=\"2021-11-08T16:26:14+00:00\" \/>\n<meta property=\"article:modified_time\" content=\"2023-11-02T11:20:12+00:00\" \/>\n<meta property=\"og:image\" content=\"https:\/\/nuscospa.com\/wp-content\/uploads\/2021\/11\/Comunicato_Stampa_finance-gala_2.jpg\" \/>\n\t<meta property=\"og:image:width\" content=\"1200\" \/>\n\t<meta property=\"og:image:height\" content=\"799\" \/>\n\t<meta property=\"og:image:type\" content=\"image\/jpeg\" \/>\n<meta name=\"author\" content=\"Alfonso\" \/>\n<meta name=\"twitter:card\" content=\"summary_large_image\" \/>\n<meta name=\"twitter:label1\" content=\"Scritto da\" \/>\n\t<meta name=\"twitter:data1\" content=\"Alfonso\" \/>\n\t<meta name=\"twitter:label2\" content=\"Tempo di lettura stimato\" \/>\n\t<meta name=\"twitter:data2\" content=\"3 minuti\" \/>\n<script type=\"application\/ld+json\" class=\"yoast-schema-graph\">{\"@context\":\"https:\/\/schema.org\",\"@graph\":[{\"@type\":\"Article\",\"@id\":\"https:\/\/nuscospa.com\/it\/news\/nusco-ha-partecipato-al-finance-gala-organizzato-da-integrae-sim-e-ha-ottenuto-il-premio-crescita\/#article\",\"isPartOf\":{\"@id\":\"https:\/\/nuscospa.com\/it\/news\/nusco-ha-partecipato-al-finance-gala-organizzato-da-integrae-sim-e-ha-ottenuto-il-premio-crescita\/\"},\"author\":{\"name\":\"Alfonso\",\"@id\":\"https:\/\/nuscospa.com\/it\/#\/schema\/person\/83e43c6cf57a821b75adb6ac4bca3c15\"},\"headline\":\"Nusco ha partecipato al Finance Gala organizzato da INTEGRAE SIM e ha ottenuto il \u00abPremio Crescita\u00bb\",\"datePublished\":\"2021-11-08T16:26:14+00:00\",\"dateModified\":\"2023-11-02T11:20:12+00:00\",\"mainEntityOfPage\":{\"@id\":\"https:\/\/nuscospa.com\/it\/news\/nusco-ha-partecipato-al-finance-gala-organizzato-da-integrae-sim-e-ha-ottenuto-il-premio-crescita\/\"},\"wordCount\":397,\"publisher\":{\"@id\":\"https:\/\/nuscospa.com\/it\/#organization\"},\"image\":{\"@id\":\"https:\/\/nuscospa.com\/it\/news\/nusco-ha-partecipato-al-finance-gala-organizzato-da-integrae-sim-e-ha-ottenuto-il-premio-crescita\/#primaryimage\"},\"thumbnailUrl\":\"https:\/\/nuscospa.com\/wp-content\/uploads\/2021\/11\/Comunicato_Stampa_finance-gala_2.jpg\",\"keywords\":[\"finance gala\",\"premio crescita\"],\"articleSection\":[\"News\"],\"inLanguage\":\"it-IT\"},{\"@type\":\"WebPage\",\"@id\":\"https:\/\/nuscospa.com\/it\/news\/nusco-ha-partecipato-al-finance-gala-organizzato-da-integrae-sim-e-ha-ottenuto-il-premio-crescita\/\",\"url\":\"https:\/\/nuscospa.com\/it\/news\/nusco-ha-partecipato-al-finance-gala-organizzato-da-integrae-sim-e-ha-ottenuto-il-premio-crescita\/\",\"name\":\"Nusco ha partecipato al Finance Gala organizzato da INTEGRAE SIM e ha ottenuto il \u00abPremio Crescita\u00bb\",\"isPartOf\":{\"@id\":\"https:\/\/nuscospa.com\/it\/#website\"},\"primaryImageOfPage\":{\"@id\":\"https:\/\/nuscospa.com\/it\/news\/nusco-ha-partecipato-al-finance-gala-organizzato-da-integrae-sim-e-ha-ottenuto-il-premio-crescita\/#primaryimage\"},\"image\":{\"@id\":\"https:\/\/nuscospa.com\/it\/news\/nusco-ha-partecipato-al-finance-gala-organizzato-da-integrae-sim-e-ha-ottenuto-il-premio-crescita\/#primaryimage\"},\"thumbnailUrl\":\"https:\/\/nuscospa.com\/wp-content\/uploads\/2021\/11\/Comunicato_Stampa_finance-gala_2.jpg\",\"datePublished\":\"2021-11-08T16:26:14+00:00\",\"dateModified\":\"2023-11-02T11:20:12+00:00\",\"description\":\"L\u2019evento, svoltosi nella cornice dell\u2019Hangar 21 di Milano, ha voluto favorire l\u2019incontro e la conoscenza del mondo finanziario con quello enterprise \u2013 nello specifico delle piccole e medie imprese \u2013 creando connessioni, collaborazioni e condivisione di progetti e strategie, anche attraverso meeting one-to-one e one-to-many con investitori istituzionali.\",\"breadcrumb\":{\"@id\":\"https:\/\/nuscospa.com\/it\/news\/nusco-ha-partecipato-al-finance-gala-organizzato-da-integrae-sim-e-ha-ottenuto-il-premio-crescita\/#breadcrumb\"},\"inLanguage\":\"it-IT\",\"potentialAction\":[{\"@type\":\"ReadAction\",\"target\":[\"https:\/\/nuscospa.com\/it\/news\/nusco-ha-partecipato-al-finance-gala-organizzato-da-integrae-sim-e-ha-ottenuto-il-premio-crescita\/\"]}]},{\"@type\":\"ImageObject\",\"inLanguage\":\"it-IT\",\"@id\":\"https:\/\/nuscospa.com\/it\/news\/nusco-ha-partecipato-al-finance-gala-organizzato-da-integrae-sim-e-ha-ottenuto-il-premio-crescita\/#primaryimage\",\"url\":\"https:\/\/nuscospa.com\/wp-content\/uploads\/2021\/11\/Comunicato_Stampa_finance-gala_2.jpg\",\"contentUrl\":\"https:\/\/nuscospa.com\/wp-content\/uploads\/2021\/11\/Comunicato_Stampa_finance-gala_2.jpg\",\"width\":1200,\"height\":799},{\"@type\":\"BreadcrumbList\",\"@id\":\"https:\/\/nuscospa.com\/it\/news\/nusco-ha-partecipato-al-finance-gala-organizzato-da-integrae-sim-e-ha-ottenuto-il-premio-crescita\/#breadcrumb\",\"itemListElement\":[{\"@type\":\"ListItem\",\"position\":1,\"name\":\"Home\",\"item\":\"https:\/\/nuscospa.com\/it\/\"},{\"@type\":\"ListItem\",\"position\":2,\"name\":\"Nusco ha partecipato al Finance Gala organizzato da INTEGRAE SIM e ha ottenuto il \u00abPremio Crescita\u00bb\"}]},{\"@type\":\"WebSite\",\"@id\":\"https:\/\/nuscospa.com\/it\/#website\",\"url\":\"https:\/\/nuscospa.com\/it\/\",\"name\":\"Nusco SpA: dal 1968, porte e infissi per passione\",\"description\":\"Nusco SpA \u00e8 leader nella produzione di porte, infissi in legno, legno alluminio e PVC, grate e persiane di sicurezza. Scopri le nostre collezioni!\",\"publisher\":{\"@id\":\"https:\/\/nuscospa.com\/it\/#organization\"},\"potentialAction\":[{\"@type\":\"SearchAction\",\"target\":{\"@type\":\"EntryPoint\",\"urlTemplate\":\"https:\/\/nuscospa.com\/it\/?s={search_term_string}\"},\"query-input\":{\"@type\":\"PropertyValueSpecification\",\"valueRequired\":true,\"valueName\":\"search_term_string\"}}],\"inLanguage\":\"it-IT\"},{\"@type\":\"Organization\",\"@id\":\"https:\/\/nuscospa.com\/it\/#organization\",\"name\":\"Nusco SpA\",\"url\":\"https:\/\/nuscospa.com\/it\/\",\"logo\":{\"@type\":\"ImageObject\",\"inLanguage\":\"it-IT\",\"@id\":\"https:\/\/nuscospa.com\/it\/#\/schema\/logo\/image\/\",\"url\":\"https:\/\/nuscospa.com\/wp-content\/uploads\/2018\/03\/nusco-logo.png\",\"contentUrl\":\"https:\/\/nuscospa.com\/wp-content\/uploads\/2018\/03\/nusco-logo.png\",\"width\":1768,\"height\":744,\"caption\":\"Nusco SpA\"},\"image\":{\"@id\":\"https:\/\/nuscospa.com\/it\/#\/schema\/logo\/image\/\"},\"sameAs\":[\"https:\/\/www.facebook.com\/Nusco.spa\",\"http:\/\/www.linkedin.com\/company\/5103818?trk=tyah&amp;amp;trkInfo=tas:gruppo nusco spa,idx:1-1-1\",\"https:\/\/youtube.com\/@nuscospa3358?si=Y_sAVi-OY5P-hwSM\"]},{\"@type\":\"Person\",\"@id\":\"https:\/\/nuscospa.com\/it\/#\/schema\/person\/83e43c6cf57a821b75adb6ac4bca3c15\",\"name\":\"Alfonso\"}]}<\/script>\n<!-- \/ Yoast SEO plugin. -->","yoast_head_json":{"title":"Nusco ha partecipato al Finance Gala organizzato da INTEGRAE SIM e ha ottenuto il \u00abPremio Crescita\u00bb","description":"L\u2019evento, svoltosi nella cornice dell\u2019Hangar 21 di Milano, ha voluto favorire l\u2019incontro e la conoscenza del mondo finanziario con quello enterprise \u2013 nello specifico delle piccole e medie imprese \u2013 creando connessioni, collaborazioni e condivisione di progetti e strategie, anche attraverso meeting one-to-one e one-to-many con investitori istituzionali.","robots":{"index":"index","follow":"follow","max-snippet":"max-snippet:-1","max-image-preview":"max-image-preview:large","max-video-preview":"max-video-preview:-1"},"canonical":"https:\/\/nuscospa.com\/it\/news\/nusco-ha-partecipato-al-finance-gala-organizzato-da-integrae-sim-e-ha-ottenuto-il-premio-crescita\/","og_locale":"it_IT","og_type":"article","og_title":"Nusco ha partecipato al Finance Gala organizzato da INTEGRAE SIM e ha ottenuto il \u00abPremio Crescita\u00bb","og_description":"L\u2019evento, svoltosi nella cornice dell\u2019Hangar 21 di Milano, ha voluto favorire l\u2019incontro e la conoscenza del mondo finanziario con quello enterprise \u2013 nello specifico delle piccole e medie imprese \u2013 creando connessioni, collaborazioni e condivisione di progetti e strategie, anche attraverso meeting one-to-one e one-to-many con investitori istituzionali.","og_url":"https:\/\/nuscospa.com\/it\/news\/nusco-ha-partecipato-al-finance-gala-organizzato-da-integrae-sim-e-ha-ottenuto-il-premio-crescita\/","og_site_name":"Nusco SpA: dal 1968, porte e infissi per passione","article_publisher":"https:\/\/www.facebook.com\/Nusco.spa","article_published_time":"2021-11-08T16:26:14+00:00","article_modified_time":"2023-11-02T11:20:12+00:00","og_image":[{"width":1200,"height":799,"url":"https:\/\/nuscospa.com\/wp-content\/uploads\/2021\/11\/Comunicato_Stampa_finance-gala_2.jpg","type":"image\/jpeg"}],"author":"Alfonso","twitter_card":"summary_large_image","twitter_misc":{"Scritto da":"Alfonso","Tempo di lettura stimato":"3 minuti"},"schema":{"@context":"https:\/\/schema.org","@graph":[{"@type":"Article","@id":"https:\/\/nuscospa.com\/it\/news\/nusco-ha-partecipato-al-finance-gala-organizzato-da-integrae-sim-e-ha-ottenuto-il-premio-crescita\/#article","isPartOf":{"@id":"https:\/\/nuscospa.com\/it\/news\/nusco-ha-partecipato-al-finance-gala-organizzato-da-integrae-sim-e-ha-ottenuto-il-premio-crescita\/"},"author":{"name":"Alfonso","@id":"https:\/\/nuscospa.com\/it\/#\/schema\/person\/83e43c6cf57a821b75adb6ac4bca3c15"},"headline":"Nusco ha partecipato al Finance Gala organizzato da INTEGRAE SIM e ha ottenuto il \u00abPremio Crescita\u00bb","datePublished":"2021-11-08T16:26:14+00:00","dateModified":"2023-11-02T11:20:12+00:00","mainEntityOfPage":{"@id":"https:\/\/nuscospa.com\/it\/news\/nusco-ha-partecipato-al-finance-gala-organizzato-da-integrae-sim-e-ha-ottenuto-il-premio-crescita\/"},"wordCount":397,"publisher":{"@id":"https:\/\/nuscospa.com\/it\/#organization"},"image":{"@id":"https:\/\/nuscospa.com\/it\/news\/nusco-ha-partecipato-al-finance-gala-organizzato-da-integrae-sim-e-ha-ottenuto-il-premio-crescita\/#primaryimage"},"thumbnailUrl":"https:\/\/nuscospa.com\/wp-content\/uploads\/2021\/11\/Comunicato_Stampa_finance-gala_2.jpg","keywords":["finance gala","premio crescita"],"articleSection":["News"],"inLanguage":"it-IT"},{"@type":"WebPage","@id":"https:\/\/nuscospa.com\/it\/news\/nusco-ha-partecipato-al-finance-gala-organizzato-da-integrae-sim-e-ha-ottenuto-il-premio-crescita\/","url":"https:\/\/nuscospa.com\/it\/news\/nusco-ha-partecipato-al-finance-gala-organizzato-da-integrae-sim-e-ha-ottenuto-il-premio-crescita\/","name":"Nusco ha partecipato al Finance Gala organizzato da INTEGRAE SIM e ha ottenuto il \u00abPremio Crescita\u00bb","isPartOf":{"@id":"https:\/\/nuscospa.com\/it\/#website"},"primaryImageOfPage":{"@id":"https:\/\/nuscospa.com\/it\/news\/nusco-ha-partecipato-al-finance-gala-organizzato-da-integrae-sim-e-ha-ottenuto-il-premio-crescita\/#primaryimage"},"image":{"@id":"https:\/\/nuscospa.com\/it\/news\/nusco-ha-partecipato-al-finance-gala-organizzato-da-integrae-sim-e-ha-ottenuto-il-premio-crescita\/#primaryimage"},"thumbnailUrl":"https:\/\/nuscospa.com\/wp-content\/uploads\/2021\/11\/Comunicato_Stampa_finance-gala_2.jpg","datePublished":"2021-11-08T16:26:14+00:00","dateModified":"2023-11-02T11:20:12+00:00","description":"L\u2019evento, svoltosi nella cornice dell\u2019Hangar 21 di Milano, ha voluto favorire l\u2019incontro e la conoscenza del mondo finanziario con quello enterprise \u2013 nello specifico delle piccole e medie imprese \u2013 creando connessioni, collaborazioni e condivisione di progetti e strategie, anche attraverso meeting one-to-one e one-to-many con investitori istituzionali.","breadcrumb":{"@id":"https:\/\/nuscospa.com\/it\/news\/nusco-ha-partecipato-al-finance-gala-organizzato-da-integrae-sim-e-ha-ottenuto-il-premio-crescita\/#breadcrumb"},"inLanguage":"it-IT","potentialAction":[{"@type":"ReadAction","target":["https:\/\/nuscospa.com\/it\/news\/nusco-ha-partecipato-al-finance-gala-organizzato-da-integrae-sim-e-ha-ottenuto-il-premio-crescita\/"]}]},{"@type":"ImageObject","inLanguage":"it-IT","@id":"https:\/\/nuscospa.com\/it\/news\/nusco-ha-partecipato-al-finance-gala-organizzato-da-integrae-sim-e-ha-ottenuto-il-premio-crescita\/#primaryimage","url":"https:\/\/nuscospa.com\/wp-content\/uploads\/2021\/11\/Comunicato_Stampa_finance-gala_2.jpg","contentUrl":"https:\/\/nuscospa.com\/wp-content\/uploads\/2021\/11\/Comunicato_Stampa_finance-gala_2.jpg","width":1200,"height":799},{"@type":"BreadcrumbList","@id":"https:\/\/nuscospa.com\/it\/news\/nusco-ha-partecipato-al-finance-gala-organizzato-da-integrae-sim-e-ha-ottenuto-il-premio-crescita\/#breadcrumb","itemListElement":[{"@type":"ListItem","position":1,"name":"Home","item":"https:\/\/nuscospa.com\/it\/"},{"@type":"ListItem","position":2,"name":"Nusco ha partecipato al Finance Gala organizzato da INTEGRAE SIM e ha ottenuto il \u00abPremio Crescita\u00bb"}]},{"@type":"WebSite","@id":"https:\/\/nuscospa.com\/it\/#website","url":"https:\/\/nuscospa.com\/it\/","name":"Nusco SpA: dal 1968, porte e infissi per passione","description":"Nusco SpA \u00e8 leader nella produzione di porte, infissi in legno, legno alluminio e PVC, grate e persiane di sicurezza. Scopri le nostre collezioni!","publisher":{"@id":"https:\/\/nuscospa.com\/it\/#organization"},"potentialAction":[{"@type":"SearchAction","target":{"@type":"EntryPoint","urlTemplate":"https:\/\/nuscospa.com\/it\/?s={search_term_string}"},"query-input":{"@type":"PropertyValueSpecification","valueRequired":true,"valueName":"search_term_string"}}],"inLanguage":"it-IT"},{"@type":"Organization","@id":"https:\/\/nuscospa.com\/it\/#organization","name":"Nusco SpA","url":"https:\/\/nuscospa.com\/it\/","logo":{"@type":"ImageObject","inLanguage":"it-IT","@id":"https:\/\/nuscospa.com\/it\/#\/schema\/logo\/image\/","url":"https:\/\/nuscospa.com\/wp-content\/uploads\/2018\/03\/nusco-logo.png","contentUrl":"https:\/\/nuscospa.com\/wp-content\/uploads\/2018\/03\/nusco-logo.png","width":1768,"height":744,"caption":"Nusco SpA"},"image":{"@id":"https:\/\/nuscospa.com\/it\/#\/schema\/logo\/image\/"},"sameAs":["https:\/\/www.facebook.com\/Nusco.spa","http:\/\/www.linkedin.com\/company\/5103818?trk=tyah&amp;amp;trkInfo=tas:gruppo nusco spa,idx:1-1-1","https:\/\/youtube.com\/@nuscospa3358?si=Y_sAVi-OY5P-hwSM"]},{"@type":"Person","@id":"https:\/\/nuscospa.com\/it\/#\/schema\/person\/83e43c6cf57a821b75adb6ac4bca3c15","name":"Alfonso"}]}},"_links":{"self":[{"href":"https:\/\/nuscospa.com\/it\/wp-json\/wp\/v2\/posts\/24823"}],"collection":[{"href":"https:\/\/nuscospa.com\/it\/wp-json\/wp\/v2\/posts"}],"about":[{"href":"https:\/\/nuscospa.com\/it\/wp-json\/wp\/v2\/types\/post"}],"author":[{"embeddable":true,"href":"https:\/\/nuscospa.com\/it\/wp-json\/wp\/v2\/users\/2"}],"replies":[{"embeddable":true,"href":"https:\/\/nuscospa.com\/it\/wp-json\/wp\/v2\/comments?post=24823"}],"version-history":[{"count":8,"href":"https:\/\/nuscospa.com\/it\/wp-json\/wp\/v2\/posts\/24823\/revisions"}],"predecessor-version":[{"id":26506,"href":"https:\/\/nuscospa.com\/it\/wp-json\/wp\/v2\/posts\/24823\/revisions\/26506"}],"wp:featuredmedia":[{"embeddable":true,"href":"https:\/\/nuscospa.com\/it\/wp-json\/wp\/v2\/media\/24824"}],"wp:attachment":[{"href":"https:\/\/nuscospa.com\/it\/wp-json\/wp\/v2\/media?parent=24823"}],"wp:term":[{"taxonomy":"category","embeddable":true,"href":"https:\/\/nuscospa.com\/it\/wp-json\/wp\/v2\/categories?post=24823"},{"taxonomy":"post_tag","embeddable":true,"href":"https:\/\/nuscospa.com\/it\/wp-json\/wp\/v2\/tags?post=24823"}],"curies":[{"name":"wp","href":"https:\/\/api.w.org\/{rel}","templated":true}]}}