{"id":23491,"date":"2020-10-16T10:00:53","date_gmt":"2020-10-16T08:00:53","guid":{"rendered":"https:\/\/nuscospa.com\/?p=23491"},"modified":"2021-01-12T19:18:34","modified_gmt":"2021-01-12T18:18:34","slug":"tendenze-porte-finestre-2021","status":"publish","type":"post","link":"https:\/\/nuscospa.com\/it\/blog\/tendenze-porte-finestre-2021\/","title":{"rendered":"Quali saranno i colori e le tendenze porte e finestre per il 2021"},"content":{"rendered":"<p>La casa, nel periodo storico che stiamo vivendo, \u00e8 diventata sempre pi\u00f9 il nostro covo, l\u2019ambiente che ci ha riparato e protetto in questi mesi difficili. Abbiamo trasportato lavoro e scuola nella nostra abitazione. Le <a href=\"https:\/\/nuscospa.com\/it\/blog\/porte-interne\/\"><strong>porte interne<\/strong><\/a> sono diventate l\u2019elemento divisorio tra la nostra vita lavorativa\/scolastica e il nostro privato. E con il lockdown, tutti abbiamo dedicato un\u2019attenzione maggiore ai piccoli dettagli che ci circondano e soprattutto agli oggetti domestici, alla loro funzione e al loro design. In questo contesto, diventa importante conoscere colori e <strong>tendenze delle porte<\/strong> e del mondo dei serramenti. Allo stesso tempo, da parte degli addetti ai lavori, \u00e8 diventata strategica la capacit\u00e0 di saper consigliare <strong>come scegliere porte e finestre<\/strong> con colori e tendenze al passo con i tempi. <strong>Porte di stile<\/strong>, in grado di donare gusto e design agli ambienti.<\/p>\n<h2><strong>Quali colori per le porte interne e le finestre nel 2021<\/strong><\/h2>\n<p>Si prevede un 2021 dove le tonalit\u00e0 <a href=\"https:\/\/it.wikipedia.org\/wiki\/Blu_marino\" target=\"_blank\" rel=\"noopener noreferrer\">blue navy<\/a> e il grigio rappresenteranno la tendenza principale. L\u2019utilizzo del blu andr\u00e0 a sostituire il nero per creare degli spazi eleganti e contemporanei. Ovviamente, in aggiunta alle due precedenti tinte, i colori neutri non possono mai mancare: <strong>porte laccato bianco, porte avorio, porte laccate RAL<\/strong> neutre rappresenteranno le principali scelte per le famiglie. Il grigio &#8211; come la linea di porte Grey di Nusco &#8211; grazie al suo carattere neutro ed elegante sar\u00e0 sempre pi\u00f9 scelto grazie alla sua capacit\u00e0 di ricreare un\u2019atmosfera intima e accogliente. Altro accostamento sempre valido \u00e8 quello dei due poli opposti: il bianco e il nero. Colore per eccellenza degli <strong>infissi in PVC<\/strong> per esterni, il bianco della <a href=\"https:\/\/nuscospa.com\/it\/prodotti\/porte\/linea-artwork\/\">Porta Artwork di Nusco<\/a> rappresenter\u00e0 una scelta moderna, in grado di non passare mai di moda.<\/p>\n<p>&nbsp;<\/p>\n<p><img fetchpriority=\"high\" decoding=\"async\" class=\"alignnone size-large wp-image-23494\" src=\"https:\/\/nuscospa.com\/wp-content\/uploads\/2020\/11\/tendenze-porte-2021-1024x683.jpg\" alt=\"\" width=\"1024\" height=\"683\" srcset=\"https:\/\/nuscospa.com\/wp-content\/uploads\/2020\/11\/tendenze-porte-2021-1024x683.jpg 1024w, https:\/\/nuscospa.com\/wp-content\/uploads\/2020\/11\/tendenze-porte-2021-450x300.jpg 450w, https:\/\/nuscospa.com\/wp-content\/uploads\/2020\/11\/tendenze-porte-2021-768x512.jpg 768w, https:\/\/nuscospa.com\/wp-content\/uploads\/2020\/11\/tendenze-porte-2021-700x467.jpg 700w, https:\/\/nuscospa.com\/wp-content\/uploads\/2020\/11\/tendenze-porte-2021-400x267.jpg 400w, https:\/\/nuscospa.com\/wp-content\/uploads\/2020\/11\/tendenze-porte-2021.jpg 1200w\" sizes=\"(max-width: 1024px) 100vw, 1024px\" \/><\/p>\n<h2><strong>Sostenibilit\u00e0 e rispetto per l\u2019ambiente sempre pi\u00f9 cruciali per scegliere il tipo di porte e finestre<\/strong><\/h2>\n<p>Anche nel 2021, l\u2019attenzione \u00e8 fortemente rivolta alle tematiche dell\u2019ecologia e della sostenibilit\u00e0. Il cammino intrapreso continua dunque con la ricerca e la sperimentazione di <strong>porte e finestre a basso impatto ambientale<\/strong>. Infatti, i materiali innovativi ottenuti grazie al riciclo e a nuove tecnologie, creano ambienti armonici e stimolanti. Il percorso ecosostenibile sviluppa una maggiore consapevolezza verso la salvaguardia ambientale: le <strong>porte in legno massello<\/strong>, gli <strong>infissi in PVC <\/strong>(100% riciclabile) e i <strong>serramenti e finestre in legno<\/strong> rappresentano, da questo punto di vista, una scelta che premia le politiche di sostenibilit\u00e0.<\/p>\n<h2><strong>Porte Minimal Style in trampolino di lancio per le porte del 2021<\/strong><\/h2>\n<p>Una casa semplice e funzionale \u00e8 la tendenza del 2021. Una conferma per la tendenza al minimalismo. Le Porte Minimal Style di Nusco, oltre a essere eleganti, offrono tanti vantaggi, creando un ambiente pulito e ordinato, in grado di generare meno stress e sollevare l\u2019umore. Il vero lusso, attualmente, \u00e8 la qualit\u00e0 della semplificazione degli spazi, non pi\u00f9 la quantit\u00e0. Da non sottovalutare anche le sempreverdi <strong>porte pantografate e incise<\/strong>, intramontabili<strong>.<\/strong><\/p>\n<h2><strong>Riscossa per le porte in vetro, per ampliare la luce naturale<\/strong><\/h2>\n<p>Le persone cercano sempre di pi\u00f9 ambienti in cui la luce naturale invada tutto. La luce naturale ha un ruolo determinate. Una buona illuminazione permette di trasformare gli ambienti, rendendoli spaziosi e accoglienti. La linea <a href=\"https:\/\/nuscospa.com\/it\/prodotti\/porte\/linea-artwork-mirror-elegance\/\">Porte Mirror di Nusco<\/a>\u00a0risponde a questa esigenza, con eleganti giochi di vetro, che riflettono la luce e contribuiscono a conferire una sensazione di spazialit\u00e0.<\/p>\n<p><img decoding=\"async\" class=\"alignnone size-large wp-image-23500\" src=\"https:\/\/nuscospa.com\/wp-content\/uploads\/2020\/11\/porte-mirror-nusco-1024x683.jpg\" alt=\"\" width=\"1024\" height=\"683\" srcset=\"https:\/\/nuscospa.com\/wp-content\/uploads\/2020\/11\/porte-mirror-nusco-1024x683.jpg 1024w, https:\/\/nuscospa.com\/wp-content\/uploads\/2020\/11\/porte-mirror-nusco-450x300.jpg 450w, https:\/\/nuscospa.com\/wp-content\/uploads\/2020\/11\/porte-mirror-nusco-768x512.jpg 768w, https:\/\/nuscospa.com\/wp-content\/uploads\/2020\/11\/porte-mirror-nusco-700x467.jpg 700w, https:\/\/nuscospa.com\/wp-content\/uploads\/2020\/11\/porte-mirror-nusco-400x267.jpg 400w, https:\/\/nuscospa.com\/wp-content\/uploads\/2020\/11\/porte-mirror-nusco.jpg 1200w\" sizes=\"(max-width: 1024px) 100vw, 1024px\" \/><\/p>\n<h3><strong>Vetri decorati, ritorno di fiamma per chi ama le porte personalizzate<\/strong><\/h3>\n<p>Sar\u00e0 la capacit\u00e0 di valorizzare lo stile individuale ad essere premiata nel 2021, ovvero la possibilit\u00e0 di personalizzare le <strong>porte<\/strong> e adattarle quanto pi\u00f9 possibile vicine ai gusti e agli interessi dei singoli.<\/p>\n","protected":false},"excerpt":{"rendered":"<p>Le porte, specialmente negli ultimi mesi, hanno acquisito un&#8217;importanza ancora pi\u00f9 grande. Scopriamo allora le tendenze porte e finestre 2021.<\/p>\n","protected":false},"author":4,"featured_media":23497,"comment_status":"closed","ping_status":"open","sticky":false,"template":"","format":"standard","meta":{"inline_featured_image":false,"footnotes":""},"categories":[339],"tags":[338,337],"class_list":["post-23491","post","type-post","status-publish","format-standard","has-post-thumbnail","hentry","category-blog","tag-finestre","tag-porte"],"yoast_head":"<!-- This site is optimized with the Yoast SEO plugin v25.5 - https:\/\/yoast.com\/wordpress\/plugins\/seo\/ -->\n<title>Quali saranno i colori e le tendenze porte e finestre per il 2021<\/title>\n<meta name=\"description\" content=\"Le porte, specialmente negli ultimi mesi, hanno acquisito un&#039;importanza ancora pi\u00f9 grande. Scopriamo allora le tendenze porte e finestre 2021.\" \/>\n<meta name=\"robots\" content=\"index, follow, max-snippet:-1, max-image-preview:large, max-video-preview:-1\" \/>\n<link rel=\"canonical\" href=\"https:\/\/nuscospa.com\/it\/blog\/tendenze-porte-finestre-2021\/\" \/>\n<meta property=\"og:locale\" content=\"it_IT\" \/>\n<meta property=\"og:type\" content=\"article\" \/>\n<meta property=\"og:title\" content=\"Quali saranno i colori e le tendenze porte e finestre per il 2021\" \/>\n<meta property=\"og:description\" content=\"Le porte, specialmente negli ultimi mesi, hanno acquisito un&#039;importanza ancora pi\u00f9 grande. Scopriamo allora le tendenze porte e finestre 2021.\" \/>\n<meta property=\"og:url\" content=\"https:\/\/nuscospa.com\/it\/blog\/tendenze-porte-finestre-2021\/\" \/>\n<meta property=\"og:site_name\" content=\"Nusco SpA: dal 1968, porte e infissi per passione\" \/>\n<meta property=\"article:publisher\" content=\"https:\/\/www.facebook.com\/Nusco.spa\" \/>\n<meta property=\"article:published_time\" content=\"2020-10-16T08:00:53+00:00\" \/>\n<meta property=\"article:modified_time\" content=\"2021-01-12T18:18:34+00:00\" \/>\n<meta property=\"og:image\" content=\"https:\/\/nuscospa.com\/wp-content\/uploads\/2020\/11\/tendenze-porte.jpg\" \/>\n\t<meta property=\"og:image:width\" content=\"1200\" \/>\n\t<meta property=\"og:image:height\" content=\"800\" \/>\n\t<meta property=\"og:image:type\" content=\"image\/jpeg\" \/>\n<meta name=\"author\" content=\"Marco\" \/>\n<meta name=\"twitter:card\" content=\"summary_large_image\" \/>\n<meta name=\"twitter:label1\" content=\"Scritto da\" \/>\n\t<meta name=\"twitter:data1\" content=\"Marco\" \/>\n\t<meta name=\"twitter:label2\" content=\"Tempo di lettura stimato\" \/>\n\t<meta name=\"twitter:data2\" content=\"3 minuti\" \/>\n<script type=\"application\/ld+json\" class=\"yoast-schema-graph\">{\"@context\":\"https:\/\/schema.org\",\"@graph\":[{\"@type\":\"Article\",\"@id\":\"https:\/\/nuscospa.com\/it\/blog\/tendenze-porte-finestre-2021\/#article\",\"isPartOf\":{\"@id\":\"https:\/\/nuscospa.com\/it\/blog\/tendenze-porte-finestre-2021\/\"},\"author\":{\"name\":\"Marco\",\"@id\":\"https:\/\/nuscospa.com\/it\/#\/schema\/person\/c9b37b80655f8f92f7c3bd4aa0e9a373\"},\"headline\":\"Quali saranno i colori e le tendenze porte e finestre per il 2021\",\"datePublished\":\"2020-10-16T08:00:53+00:00\",\"dateModified\":\"2021-01-12T18:18:34+00:00\",\"mainEntityOfPage\":{\"@id\":\"https:\/\/nuscospa.com\/it\/blog\/tendenze-porte-finestre-2021\/\"},\"wordCount\":600,\"publisher\":{\"@id\":\"https:\/\/nuscospa.com\/it\/#organization\"},\"image\":{\"@id\":\"https:\/\/nuscospa.com\/it\/blog\/tendenze-porte-finestre-2021\/#primaryimage\"},\"thumbnailUrl\":\"https:\/\/nuscospa.com\/wp-content\/uploads\/2020\/11\/tendenze-porte.jpg\",\"keywords\":[\"finestre\",\"porte\"],\"articleSection\":[\"Blog\"],\"inLanguage\":\"it-IT\"},{\"@type\":\"WebPage\",\"@id\":\"https:\/\/nuscospa.com\/it\/blog\/tendenze-porte-finestre-2021\/\",\"url\":\"https:\/\/nuscospa.com\/it\/blog\/tendenze-porte-finestre-2021\/\",\"name\":\"Quali saranno i colori e le tendenze porte e finestre per il 2021\",\"isPartOf\":{\"@id\":\"https:\/\/nuscospa.com\/it\/#website\"},\"primaryImageOfPage\":{\"@id\":\"https:\/\/nuscospa.com\/it\/blog\/tendenze-porte-finestre-2021\/#primaryimage\"},\"image\":{\"@id\":\"https:\/\/nuscospa.com\/it\/blog\/tendenze-porte-finestre-2021\/#primaryimage\"},\"thumbnailUrl\":\"https:\/\/nuscospa.com\/wp-content\/uploads\/2020\/11\/tendenze-porte.jpg\",\"datePublished\":\"2020-10-16T08:00:53+00:00\",\"dateModified\":\"2021-01-12T18:18:34+00:00\",\"description\":\"Le porte, specialmente negli ultimi mesi, hanno acquisito un'importanza ancora pi\u00f9 grande. Scopriamo allora le tendenze porte e finestre 2021.\",\"breadcrumb\":{\"@id\":\"https:\/\/nuscospa.com\/it\/blog\/tendenze-porte-finestre-2021\/#breadcrumb\"},\"inLanguage\":\"it-IT\",\"potentialAction\":[{\"@type\":\"ReadAction\",\"target\":[\"https:\/\/nuscospa.com\/it\/blog\/tendenze-porte-finestre-2021\/\"]}]},{\"@type\":\"ImageObject\",\"inLanguage\":\"it-IT\",\"@id\":\"https:\/\/nuscospa.com\/it\/blog\/tendenze-porte-finestre-2021\/#primaryimage\",\"url\":\"https:\/\/nuscospa.com\/wp-content\/uploads\/2020\/11\/tendenze-porte.jpg\",\"contentUrl\":\"https:\/\/nuscospa.com\/wp-content\/uploads\/2020\/11\/tendenze-porte.jpg\",\"width\":1200,\"height\":800},{\"@type\":\"BreadcrumbList\",\"@id\":\"https:\/\/nuscospa.com\/it\/blog\/tendenze-porte-finestre-2021\/#breadcrumb\",\"itemListElement\":[{\"@type\":\"ListItem\",\"position\":1,\"name\":\"Home\",\"item\":\"https:\/\/nuscospa.com\/it\/\"},{\"@type\":\"ListItem\",\"position\":2,\"name\":\"Quali saranno i colori e le tendenze porte e finestre per il 2021\"}]},{\"@type\":\"WebSite\",\"@id\":\"https:\/\/nuscospa.com\/it\/#website\",\"url\":\"https:\/\/nuscospa.com\/it\/\",\"name\":\"Nusco SpA: dal 1968, porte e infissi per passione\",\"description\":\"Nusco SpA \u00e8 leader nella produzione di porte, infissi in legno, legno alluminio e PVC, grate e persiane di sicurezza. Scopri le nostre collezioni!\",\"publisher\":{\"@id\":\"https:\/\/nuscospa.com\/it\/#organization\"},\"potentialAction\":[{\"@type\":\"SearchAction\",\"target\":{\"@type\":\"EntryPoint\",\"urlTemplate\":\"https:\/\/nuscospa.com\/it\/?s={search_term_string}\"},\"query-input\":{\"@type\":\"PropertyValueSpecification\",\"valueRequired\":true,\"valueName\":\"search_term_string\"}}],\"inLanguage\":\"it-IT\"},{\"@type\":\"Organization\",\"@id\":\"https:\/\/nuscospa.com\/it\/#organization\",\"name\":\"Nusco SpA\",\"url\":\"https:\/\/nuscospa.com\/it\/\",\"logo\":{\"@type\":\"ImageObject\",\"inLanguage\":\"it-IT\",\"@id\":\"https:\/\/nuscospa.com\/it\/#\/schema\/logo\/image\/\",\"url\":\"https:\/\/nuscospa.com\/wp-content\/uploads\/2018\/03\/nusco-logo.png\",\"contentUrl\":\"https:\/\/nuscospa.com\/wp-content\/uploads\/2018\/03\/nusco-logo.png\",\"width\":1768,\"height\":744,\"caption\":\"Nusco SpA\"},\"image\":{\"@id\":\"https:\/\/nuscospa.com\/it\/#\/schema\/logo\/image\/\"},\"sameAs\":[\"https:\/\/www.facebook.com\/Nusco.spa\",\"http:\/\/www.linkedin.com\/company\/5103818?trk=tyah&amp;amp;trkInfo=tas:gruppo nusco spa,idx:1-1-1\",\"https:\/\/youtube.com\/@nuscospa3358?si=Y_sAVi-OY5P-hwSM\"]},{\"@type\":\"Person\",\"@id\":\"https:\/\/nuscospa.com\/it\/#\/schema\/person\/c9b37b80655f8f92f7c3bd4aa0e9a373\",\"name\":\"Marco\"}]}<\/script>\n<!-- \/ Yoast SEO plugin. -->","yoast_head_json":{"title":"Quali saranno i colori e le tendenze porte e finestre per il 2021","description":"Le porte, specialmente negli ultimi mesi, hanno acquisito un'importanza ancora pi\u00f9 grande. Scopriamo allora le tendenze porte e finestre 2021.","robots":{"index":"index","follow":"follow","max-snippet":"max-snippet:-1","max-image-preview":"max-image-preview:large","max-video-preview":"max-video-preview:-1"},"canonical":"https:\/\/nuscospa.com\/it\/blog\/tendenze-porte-finestre-2021\/","og_locale":"it_IT","og_type":"article","og_title":"Quali saranno i colori e le tendenze porte e finestre per il 2021","og_description":"Le porte, specialmente negli ultimi mesi, hanno acquisito un'importanza ancora pi\u00f9 grande. Scopriamo allora le tendenze porte e finestre 2021.","og_url":"https:\/\/nuscospa.com\/it\/blog\/tendenze-porte-finestre-2021\/","og_site_name":"Nusco SpA: dal 1968, porte e infissi per passione","article_publisher":"https:\/\/www.facebook.com\/Nusco.spa","article_published_time":"2020-10-16T08:00:53+00:00","article_modified_time":"2021-01-12T18:18:34+00:00","og_image":[{"width":1200,"height":800,"url":"https:\/\/nuscospa.com\/wp-content\/uploads\/2020\/11\/tendenze-porte.jpg","type":"image\/jpeg"}],"author":"Marco","twitter_card":"summary_large_image","twitter_misc":{"Scritto da":"Marco","Tempo di lettura stimato":"3 minuti"},"schema":{"@context":"https:\/\/schema.org","@graph":[{"@type":"Article","@id":"https:\/\/nuscospa.com\/it\/blog\/tendenze-porte-finestre-2021\/#article","isPartOf":{"@id":"https:\/\/nuscospa.com\/it\/blog\/tendenze-porte-finestre-2021\/"},"author":{"name":"Marco","@id":"https:\/\/nuscospa.com\/it\/#\/schema\/person\/c9b37b80655f8f92f7c3bd4aa0e9a373"},"headline":"Quali saranno i colori e le tendenze porte e finestre per il 2021","datePublished":"2020-10-16T08:00:53+00:00","dateModified":"2021-01-12T18:18:34+00:00","mainEntityOfPage":{"@id":"https:\/\/nuscospa.com\/it\/blog\/tendenze-porte-finestre-2021\/"},"wordCount":600,"publisher":{"@id":"https:\/\/nuscospa.com\/it\/#organization"},"image":{"@id":"https:\/\/nuscospa.com\/it\/blog\/tendenze-porte-finestre-2021\/#primaryimage"},"thumbnailUrl":"https:\/\/nuscospa.com\/wp-content\/uploads\/2020\/11\/tendenze-porte.jpg","keywords":["finestre","porte"],"articleSection":["Blog"],"inLanguage":"it-IT"},{"@type":"WebPage","@id":"https:\/\/nuscospa.com\/it\/blog\/tendenze-porte-finestre-2021\/","url":"https:\/\/nuscospa.com\/it\/blog\/tendenze-porte-finestre-2021\/","name":"Quali saranno i colori e le tendenze porte e finestre per il 2021","isPartOf":{"@id":"https:\/\/nuscospa.com\/it\/#website"},"primaryImageOfPage":{"@id":"https:\/\/nuscospa.com\/it\/blog\/tendenze-porte-finestre-2021\/#primaryimage"},"image":{"@id":"https:\/\/nuscospa.com\/it\/blog\/tendenze-porte-finestre-2021\/#primaryimage"},"thumbnailUrl":"https:\/\/nuscospa.com\/wp-content\/uploads\/2020\/11\/tendenze-porte.jpg","datePublished":"2020-10-16T08:00:53+00:00","dateModified":"2021-01-12T18:18:34+00:00","description":"Le porte, specialmente negli ultimi mesi, hanno acquisito un'importanza ancora pi\u00f9 grande. Scopriamo allora le tendenze porte e finestre 2021.","breadcrumb":{"@id":"https:\/\/nuscospa.com\/it\/blog\/tendenze-porte-finestre-2021\/#breadcrumb"},"inLanguage":"it-IT","potentialAction":[{"@type":"ReadAction","target":["https:\/\/nuscospa.com\/it\/blog\/tendenze-porte-finestre-2021\/"]}]},{"@type":"ImageObject","inLanguage":"it-IT","@id":"https:\/\/nuscospa.com\/it\/blog\/tendenze-porte-finestre-2021\/#primaryimage","url":"https:\/\/nuscospa.com\/wp-content\/uploads\/2020\/11\/tendenze-porte.jpg","contentUrl":"https:\/\/nuscospa.com\/wp-content\/uploads\/2020\/11\/tendenze-porte.jpg","width":1200,"height":800},{"@type":"BreadcrumbList","@id":"https:\/\/nuscospa.com\/it\/blog\/tendenze-porte-finestre-2021\/#breadcrumb","itemListElement":[{"@type":"ListItem","position":1,"name":"Home","item":"https:\/\/nuscospa.com\/it\/"},{"@type":"ListItem","position":2,"name":"Quali saranno i colori e le tendenze porte e finestre per il 2021"}]},{"@type":"WebSite","@id":"https:\/\/nuscospa.com\/it\/#website","url":"https:\/\/nuscospa.com\/it\/","name":"Nusco SpA: dal 1968, porte e infissi per passione","description":"Nusco SpA \u00e8 leader nella produzione di porte, infissi in legno, legno alluminio e PVC, grate e persiane di sicurezza. Scopri le nostre collezioni!","publisher":{"@id":"https:\/\/nuscospa.com\/it\/#organization"},"potentialAction":[{"@type":"SearchAction","target":{"@type":"EntryPoint","urlTemplate":"https:\/\/nuscospa.com\/it\/?s={search_term_string}"},"query-input":{"@type":"PropertyValueSpecification","valueRequired":true,"valueName":"search_term_string"}}],"inLanguage":"it-IT"},{"@type":"Organization","@id":"https:\/\/nuscospa.com\/it\/#organization","name":"Nusco SpA","url":"https:\/\/nuscospa.com\/it\/","logo":{"@type":"ImageObject","inLanguage":"it-IT","@id":"https:\/\/nuscospa.com\/it\/#\/schema\/logo\/image\/","url":"https:\/\/nuscospa.com\/wp-content\/uploads\/2018\/03\/nusco-logo.png","contentUrl":"https:\/\/nuscospa.com\/wp-content\/uploads\/2018\/03\/nusco-logo.png","width":1768,"height":744,"caption":"Nusco SpA"},"image":{"@id":"https:\/\/nuscospa.com\/it\/#\/schema\/logo\/image\/"},"sameAs":["https:\/\/www.facebook.com\/Nusco.spa","http:\/\/www.linkedin.com\/company\/5103818?trk=tyah&amp;amp;trkInfo=tas:gruppo nusco spa,idx:1-1-1","https:\/\/youtube.com\/@nuscospa3358?si=Y_sAVi-OY5P-hwSM"]},{"@type":"Person","@id":"https:\/\/nuscospa.com\/it\/#\/schema\/person\/c9b37b80655f8f92f7c3bd4aa0e9a373","name":"Marco"}]}},"_links":{"self":[{"href":"https:\/\/nuscospa.com\/it\/wp-json\/wp\/v2\/posts\/23491"}],"collection":[{"href":"https:\/\/nuscospa.com\/it\/wp-json\/wp\/v2\/posts"}],"about":[{"href":"https:\/\/nuscospa.com\/it\/wp-json\/wp\/v2\/types\/post"}],"author":[{"embeddable":true,"href":"https:\/\/nuscospa.com\/it\/wp-json\/wp\/v2\/users\/4"}],"replies":[{"embeddable":true,"href":"https:\/\/nuscospa.com\/it\/wp-json\/wp\/v2\/comments?post=23491"}],"version-history":[{"count":5,"href":"https:\/\/nuscospa.com\/it\/wp-json\/wp\/v2\/posts\/23491\/revisions"}],"predecessor-version":[{"id":23975,"href":"https:\/\/nuscospa.com\/it\/wp-json\/wp\/v2\/posts\/23491\/revisions\/23975"}],"wp:featuredmedia":[{"embeddable":true,"href":"https:\/\/nuscospa.com\/it\/wp-json\/wp\/v2\/media\/23497"}],"wp:attachment":[{"href":"https:\/\/nuscospa.com\/it\/wp-json\/wp\/v2\/media?parent=23491"}],"wp:term":[{"taxonomy":"category","embeddable":true,"href":"https:\/\/nuscospa.com\/it\/wp-json\/wp\/v2\/categories?post=23491"},{"taxonomy":"post_tag","embeddable":true,"href":"https:\/\/nuscospa.com\/it\/wp-json\/wp\/v2\/tags?post=23491"}],"curies":[{"name":"wp","href":"https:\/\/api.w.org\/{rel}","templated":true}]}}